{"id":1766,"date":"2023-09-27T13:42:27","date_gmt":"2023-09-27T11:42:27","guid":{"rendered":"https:\/\/pasaenmendoza.com\/?p=1766"},"modified":"2023-09-27T13:42:28","modified_gmt":"2023-09-27T11:42:28","slug":"potasio-rio-colorado-explicaran-la-semana-que-viene-el-acuerdo-secreto","status":"publish","type":"post","link":"https:\/\/pasaenmendoza.com\/?p=1766","title":{"rendered":"Potasio R\u00edo Colorado: explicar\u00e1n la semana que viene el acuerdo &#8220;secreto&#8221;"},"content":{"rendered":"\n<p>La Fiscal\u00eda de Estado, solicit\u00f3 al gobierno de\u00a0<strong>Rodolfo Suarez<\/strong>,\u00a0 que fundamente en forma precisa, el por qu\u00e9 de la confidencialidad de algunos puntos del acuerdo con la Compa\u00f1\u00eda Minera Aguilar, propiedad de Jos\u00e9 Luis Manzano y\u00a0la brasilera ARG\u00a0, para la explotaci\u00f3n de\u00a0\u00a0<strong>Potasio Rio Colorado<\/strong>\u00a0(PRC).<\/p>\n\n\n\n<p>El \u00f3rgano de control a cargo de<strong>\u00a0Fernando Sim\u00f3n<\/strong>\u00a0ha establecido una serie de condiciones para dar su aval al convenio que ya \u00a0avanz\u00f3 hasta la firma del traspaso del 88% de las acciones del emprendimiento en el sur provincial, que fue abandonado por la brasilera Vale en el 2013 durante el gobierno provincial de Francisco P\u00e9rez y el nacional de Cristina Fern\u00e1ndez.\u00a0<\/p>\n\n\n\n<p>Si bien&nbsp; todav\u00eda falta&nbsp; la firma del decreto correspondiente por parte del gobernador Rodolfo Suarez y la ratificaci\u00f3n en la Legislatura Provincial, el fiscal Fernando Sim\u00f3n,&nbsp; realiz\u00f3 un control de &#8220;juridicidad&#8221; del acuerdo con el objetivo de &#8220;analizar que no se afecten en forma actual o futura intereses fiscales o el patrimonio del estado (con cierto grado de certeza y no en forma hipot\u00e9tica o conjetural -sin obstar con ello el eventual an\u00e1lisis de los principios de precauci\u00f3n y prevenci\u00f3n vinculados a las cuestiones de Derecho Ambiental -arts. 41 y 43 de la CN- recomendando se controle su ejecuci\u00f3n a trav\u00e9s de la Direcci\u00f3n de Asuntos Ambientales).<\/p>\n\n\n\n<p>Incluso aclara que &#8220;no bastan para justificar tal declaraci\u00f3n frases vagas y\/o ambiguas como \u2018razones de seguridad p\u00fablicas&#8217; o \u2018razones de emergencia&#8217;, entre otras&#8221;. En cambio, s\u00ed podr\u00edan mencionarse argumentos como &#8220;secreto comercial-industrial&#8221;, &#8220;intereses comerciales y econ\u00f3micos leg\u00edtimos&#8221;, &#8220;desarrollo estrat\u00e9gico de pol\u00edticas p\u00fablicas&#8221; y &#8220;en caso de que as\u00ed se disponga por disposici\u00f3n legislativa ratificatoria&#8221;.\u00a0<\/p>\n\n\n\n<p>Fuentes gubernamentales explicaron&nbsp;<strong><em>al P<\/em><\/strong><strong><em>ost<\/em><\/strong>&nbsp; que las cl\u00e1usulas secretas son habituales en&nbsp; acuerdos de esta&nbsp; magnitud, pero que lo que les &#8220;est\u00e1 solicitando Sim\u00f3n es que la provincia&nbsp;justifique y fundamente en forma precisa&nbsp; el porqu\u00e9 de esa condici\u00f3n&#8221;.<\/p>\n\n\n\n<p>Es por eso que adelantaron que &#8220;la semana que viene, probablemente, el ministro de Econom\u00eda Enrique Vaqui\u00e9 y el presidente de Potasio R\u00edo Colorado (PRC), Emilio Gui\u00f1az\u00fa, asistir\u00e1n a la casa de las Leyes,\u00a0 para dar las explicaciones sobre\u00a0 la confidencialidad de algunos\u00a0 puntos del acuerdo&#8221; por el que la nueva sociedad concesionaria,\u00a0\u00a0se har\u00e1n cargo de PRC en el departamento de Malarg\u00fce, con el compromiso de invertir\u00a0 1.000 millones de d\u00f3lares en un plazo de cinco a\u00f1os.\u00a0<\/p>\n\n\n\n<p>FUENTE: mendozapost.<\/p>\n","protected":false},"excerpt":{"rendered":"<p>La Fiscal\u00eda de Estado, solicit\u00f3 al gobierno de\u00a0Rodolfo Suarez,\u00a0 que fundamente en forma precisa, el por qu\u00e9 de la confidencialidad de algunos puntos del acuerdo con la Compa\u00f1\u00eda Minera Aguilar, propiedad de Jos\u00e9 Luis Manzano y\u00a0la brasilera ARG\u00a0, para la explotaci\u00f3n de\u00a0\u00a0Potasio Rio Colorado\u00a0(PRC). El \u00f3rgano de control a cargo de\u00a0Fernando Sim\u00f3n\u00a0ha establecido una serie [&hellip;]<\/p>\n","protected":false},"author":2,"featured_media":1767,"comment_status":"open","ping_status":"open","sticky":true,"template":"","format":"standard","meta":[],"categories":[47],"tags":[],"_links":{"self":[{"href":"https:\/\/pasaenmendoza.com\/index.php?rest_route=\/wp\/v2\/posts\/1766"}],"collection":[{"href":"https:\/\/pasaenmendoza.com\/index.php?rest_route=\/wp\/v2\/posts"}],"about":[{"href":"https:\/\/pasaenmendoza.com\/index.php?rest_route=\/wp\/v2\/types\/post"}],"author":[{"embeddable":true,"href":"https:\/\/pasaenmendoza.com\/index.php?rest_route=\/wp\/v2\/users\/2"}],"replies":[{"embeddable":true,"href":"https:\/\/pasaenmendoza.com\/index.php?rest_route=%2Fwp%2Fv2%2Fcomments&post=1766"}],"version-history":[{"count":1,"href":"https:\/\/pasaenmendoza.com\/index.php?rest_route=\/wp\/v2\/posts\/1766\/revisions"}],"predecessor-version":[{"id":1768,"href":"https:\/\/pasaenmendoza.com\/index.php?rest_route=\/wp\/v2\/posts\/1766\/revisions\/1768"}],"wp:featuredmedia":[{"embeddable":true,"href":"https:\/\/pasaenmendoza.com\/index.php?rest_route=\/wp\/v2\/media\/1767"}],"wp:attachment":[{"href":"https:\/\/pasaenmendoza.com\/index.php?rest_route=%2Fwp%2Fv2%2Fmedia&parent=1766"}],"wp:term":[{"taxonomy":"category","embeddable":true,"href":"https:\/\/pasaenmendoza.com\/index.php?rest_route=%2Fwp%2Fv2%2Fcategories&post=1766"},{"taxonomy":"post_tag","embeddable":true,"href":"https:\/\/pasaenmendoza.com\/index.php?rest_route=%2Fwp%2Fv2%2Ftags&post=1766"}],"curies":[{"name":"wp","href":"https:\/\/api.w.org\/{rel}","templated":true}]}}