{"id":1781,"date":"2023-09-27T15:07:25","date_gmt":"2023-09-27T13:07:25","guid":{"rendered":"https:\/\/pasaenmendoza.com\/?p=1781"},"modified":"2023-09-27T15:07:26","modified_gmt":"2023-09-27T13:07:26","slug":"el-hockista-detenido-por-abuso-sexual-busco-salir-de-la-carcel-pero-no-lo-consiguio","status":"publish","type":"post","link":"https:\/\/pasaenmendoza.com\/?p=1781","title":{"rendered":"El hockista detenido por abuso sexual busc\u00f3 salir de la c\u00e1rcel pero no lo consigui\u00f3"},"content":{"rendered":"\n<p><strong>Claudio Iv\u00e1n Famar<\/strong>\u00a0seguir\u00e1 preso y podr\u00eda estar en esa condici\u00f3n hasta que se desarrolle el juicio en su contra. As\u00ed lo determin\u00f3 un tribunal penal colegiado este martes por la tarde, luego de una apelaci\u00f3n de la defensa.\u00a0<mark>El reconocido hockista mendocino est\u00e1 preso desde junio por estar sospechado de abusar sexualmente de, al menos, seis chicas de entre 10 y 12 a\u00f1os<\/mark>\u00a0que tomaban clases con \u00e9l en el\u00a0<strong>Club Godoy Cruz Antonio Tomba<\/strong>. Y su situaci\u00f3n procesal es complicada.<\/p>\n\n\n\n<p>Famar, profesor y jugador profesional de hockey sobre patines, est\u00e1 en la c\u00e1rcel con prisi\u00f3n preventiva dictada el 31 de agosto por todos los hechos,\u00a0<mark>pero busc\u00f3, a trav\u00e9s de sus abogados, Cristian Vaira Leyton y Agust\u00edn Magdalena, lograr el beneficio de la detenci\u00f3n domiciliaria. No lo consigui\u00f3:<\/mark>\u00a0antes del fallo de los camaristas, la fiscal del caso, Virginia Rumbo, y la querella, a cargo de Francisco Machuca y Sergio Salinas, se opusieron a tal medida.<\/p>\n\n\n\n<p>Entendieron que existe riesgo procesal. Y los jueces Diego Lusverti, Laura Guajardo y Carmen Magro coincidieron con sus argumentos al rechazar el pedido de la defensa y confirmar de esta forma la prisi\u00f3n preventiva dictada por el juez de primera instancia, Fernando Mart\u00ednez.<\/p>\n\n\n\n<p>Fuentes judiciales detallaron que Vaira Leyton expuso ante el tribunal que su cliente ten\u00eda arraigo laboral y familiar. Explic\u00f3 que Famar siempre se someti\u00f3 a proceso y que no exist\u00eda riesgo de fuga ni entorpecimiento probatorio de la causa, que est\u00e1 en pleno proceso de instrucci\u00f3n.\u00a0<strong>Dijo que podr\u00eda trabajar con sus padres en la venta de comida r\u00e1pida online.<\/strong><\/p>\n\n\n\n<p>Sin embargo, la fiscal\u00eda se opuso a tal medida, explicando que deb\u00edan resguardarse los derechos de las denunciantes.\u00a0<em>\u201cEstamos ante hechos muy graves, que tienen a v\u00edctimas de entre 10 y 12 a\u00f1os\u201d<\/em>, asegur\u00f3 Rumbo ante las partes. Y agreg\u00f3 que existe riesgo de fuga y que fij\u00f3 un domicilio de residencia para la domiciliaria cerca de donde viven<em>\u00a0\u201ctres de las v\u00edctimas\u201d.<\/em><\/p>\n\n\n\n<p><em>\u201cHay que proteger a las v\u00edctimas\u201d<\/em>, reiter\u00f3 la representante del Ministerio P\u00fablico. En esa misma l\u00ednea fue la querella.<\/p>\n\n\n\n<p><mark>Lo cierto es que el tribunal resolvi\u00f3 y no hizo lugar a los planteos de la defensa.\u00a0<\/mark>Confirm\u00f3 la prisi\u00f3n preventiva para Famar \u2013sin la posibilidad de acceso a un beneficio que le permita dejar la penitenciar\u00eda\u2013 y la causa continuar\u00e1 sumando pruebas antes de que se eleve a juicio.<\/p>\n\n\n\n<p>Las fuentes consultadas por\u00a0<em><strong>El Sol<\/strong><\/em>\u00a0se\u00f1alaron que las denunciantes\u00a0<em>\u201ccontin\u00faan declarando en C\u00e1mara Gesell\u201d<\/em>, el recinto adecuado para que hablen menores de edad.<\/p>\n\n\n\n<p><strong>Complicado<\/strong><\/p>\n\n\n\n<p><mark>Famar fue imputado por abuso sexual en seis hechos<\/mark>. Qued\u00f3 detenido el 23 de junio, d\u00edas despu\u00e9s de que un grupo de padres se presentara en una oficina fiscal godoicruce\u00f1a para denunciar lo que sus hijas hab\u00edan relatado.<\/p>\n\n\n\n<p>Los pap\u00e1s detallaron que las peque\u00f1as relataron que sufr\u00edan tocamientos en sus partes \u00edntimas mientras participaban en las clases particulares de tecnificaci\u00f3n que el hockista daba en el\u00a0<strong>Tomba\u00a0<\/strong>para perfeccionar su juego. Famar era, adem\u00e1s, entrenador de todas las categor\u00edas masculinas y de la Primera del femenino, la llamada Senior.<\/p>\n\n\n\n<p>Con el paso de los d\u00edas, se conoci\u00f3 que Famar hab\u00eda sido denunciado por abusar sexualmente de una amiga en octubre del 2012.\u00a0<mark>El caso se instruy\u00f3 pocos meses y termin\u00f3 cajoneado a pesar de que el deportista fue imputado por abuso sexual simple.<\/mark><\/p>\n\n\n\n<p>La fiscal Rumbo y querella intentaron reactivarlo luego de la declaraci\u00f3n de un forense \u2013se modific\u00f3 el avoque para acusar por abuso sexual con acceso carnal\u2013pero el citado tribunal entendi\u00f3 en una resoluci\u00f3n que la causa ya hab\u00eda prescripto.<\/p>\n\n\n\n<p><strong>Fuente: www.elsol.com.ar<\/strong><\/p>\n","protected":false},"excerpt":{"rendered":"<p>Claudio Iv\u00e1n Famar\u00a0seguir\u00e1 preso y podr\u00eda estar en esa condici\u00f3n hasta que se desarrolle el juicio en su contra. As\u00ed lo determin\u00f3 un tribunal penal colegiado este martes por la tarde, luego de una apelaci\u00f3n de la defensa.\u00a0El reconocido hockista mendocino est\u00e1 preso desde junio por estar sospechado de abusar sexualmente de, al menos, seis [&hellip;]<\/p>\n","protected":false},"author":2,"featured_media":1782,"comment_status":"open","ping_status":"open","sticky":false,"template":"","format":"standard","meta":[],"categories":[48],"tags":[],"_links":{"self":[{"href":"https:\/\/pasaenmendoza.com\/index.php?rest_route=\/wp\/v2\/posts\/1781"}],"collection":[{"href":"https:\/\/pasaenmendoza.com\/index.php?rest_route=\/wp\/v2\/posts"}],"about":[{"href":"https:\/\/pasaenmendoza.com\/index.php?rest_route=\/wp\/v2\/types\/post"}],"author":[{"embeddable":true,"href":"https:\/\/pasaenmendoza.com\/index.php?rest_route=\/wp\/v2\/users\/2"}],"replies":[{"embeddable":true,"href":"https:\/\/pasaenmendoza.com\/index.php?rest_route=%2Fwp%2Fv2%2Fcomments&post=1781"}],"version-history":[{"count":1,"href":"https:\/\/pasaenmendoza.com\/index.php?rest_route=\/wp\/v2\/posts\/1781\/revisions"}],"predecessor-version":[{"id":1783,"href":"https:\/\/pasaenmendoza.com\/index.php?rest_route=\/wp\/v2\/posts\/1781\/revisions\/1783"}],"wp:featuredmedia":[{"embeddable":true,"href":"https:\/\/pasaenmendoza.com\/index.php?rest_route=\/wp\/v2\/media\/1782"}],"wp:attachment":[{"href":"https:\/\/pasaenmendoza.com\/index.php?rest_route=%2Fwp%2Fv2%2Fmedia&parent=1781"}],"wp:term":[{"taxonomy":"category","embeddable":true,"href":"https:\/\/pasaenmendoza.com\/index.php?rest_route=%2Fwp%2Fv2%2Fcategories&post=1781"},{"taxonomy":"post_tag","embeddable":true,"href":"https:\/\/pasaenmendoza.com\/index.php?rest_route=%2Fwp%2Fv2%2Ftags&post=1781"}],"curies":[{"name":"wp","href":"https:\/\/api.w.org\/{rel}","templated":true}]}}