{"id":1791,"date":"2023-09-27T16:38:08","date_gmt":"2023-09-27T14:38:08","guid":{"rendered":"https:\/\/pasaenmendoza.com\/?p=1791"},"modified":"2023-09-27T16:38:09","modified_gmt":"2023-09-27T14:38:09","slug":"especialistas-de-la-uncuyo-crearon-un-diccionario-digital-de-lengua-de-senas-inedito-en-el-pais","status":"publish","type":"post","link":"https:\/\/pasaenmendoza.com\/?p=1791","title":{"rendered":"Especialistas de la UNCuyo crearon un diccionario digital de Lengua de Se\u00f1as in\u00e9dito en el pa\u00eds"},"content":{"rendered":"\n<p>Buscando soluciones para problemas reales, como es la intercomunicaci\u00f3n con personas que tienen una discapacidad y su&nbsp;<strong>inclusi\u00f3n<\/strong>,&nbsp;<strong>un equipo de la Facultad de Educaci\u00f3n de la UNCuyo desarrollaron un diccionario digital de lenguaje de se\u00f1as in\u00e9dito en el pa\u00eds<\/strong>. Ser\u00e1 presentado formalmente el jueves 5 de octubre a las 19 en la sede del Campus de esa Unidad Acad\u00e9mica.<\/p>\n\n\n\n<p>Este trabajo sobre la&nbsp;<strong>Lengua de Se\u00f1as<\/strong>&nbsp;se trata del producto de una l\u00ednea de investigaci\u00f3n que desarrollan especialistas de la&nbsp;<strong>Facultad de Educaci\u00f3n de la UNCuyo<\/strong>&nbsp;desde el 2011, y aseguraron que no hay antecedente de otro de esas caracter\u00edsticas en nuestro pa\u00eds.<\/p>\n\n\n\n<h2 class=\"wp-block-heading\">El diccionario se presenta en la Facultad de Educaci\u00f3n de la UNCuyo<\/h2>\n\n\n\n<p>El jueves 5 de octubre a las 19, en el Sal\u00f3n de Usos M\u00faltiples (SUM) de la sede que la Facultad de Educaci\u00f3n tiene en el Campus de la UNCuyo,&nbsp;<strong>se presentar\u00e1 el Diccionario Digital de Lengua de Se\u00f1as Argentina<\/strong>, un trabajo que no tiene antecedentes en nuestro pa\u00eds y que representa un trabajo realizado con y para la comunidad sorda argentina.<\/p>\n\n\n\n<p>As\u00ed lo se\u00f1al\u00f3 la directora del equipo que trabaj\u00f3 en el diccionario,&nbsp;<strong>Andrea Suraci<\/strong>: &#8220;Esta propuesta es un trabajo que venimos realizando con el equipo de investigaci\u00f3n integrado por Miembros de la Comunidad Sorda de Mendoza, docentes, personal no docente, estudiantes y egresadas y egresados de la Tecnicatura en Interpretaci\u00f3n en Lengua de Se\u00f1as de la Facultad de Educaci\u00f3n. Su caracter\u00edstica distintiva es no utilizar el espa\u00f1ol como medio de acceso y que las se\u00f1as cuentan con su definici\u00f3n tambi\u00e9n en Lengua de Se\u00f1as Argentina&#8221;.<\/p>\n\n\n\n<p>Por su parte la decana de la Facultad de Educaci\u00f3n,&nbsp;<strong>Ana Sisti<\/strong>, que tambi\u00e9n integra el grupo que analiz\u00f3 esta l\u00ednea de investigaci\u00f3n destac\u00f3: &#8220;En muy satisfactorio haber finalizado un proceso de investigaci\u00f3n que llev\u00f3 diferentes etapas y que hoy se ve concretado en un producto de y para la Comunidad Sorda de Mendoza, con quien trabajamos incansablemente desde hace muchos a\u00f1os&#8221;.<\/p>\n\n\n\n<p><strong>De acuerdo a los integrantes del equipo el diccionario contribuir\u00e1 a:<\/strong><\/p>\n\n\n\n<ul>\n<li>&nbsp;Legitimar la Lengua de Se\u00f1as Argentina.<\/li>\n\n\n\n<li>A\u00f1adir informaci\u00f3n ling\u00fc\u00edstica espec\u00edfica al estudio de esa Lengua.<\/li>\n\n\n\n<li>Preservar el patrimonio ling\u00fc\u00edstico de la comunidad sorda.<\/li>\n\n\n\n<li>Convertirse en un valioso elemento de estudio no s\u00f3lo para miembros de la comunidad sorda, sino adem\u00e1s para padres, estudiantes, docentes, int\u00e9rpretes y para todo aquel que desee relacionarse con ella.<\/li>\n<\/ul>\n\n\n\n<h2 class=\"wp-block-heading\">La historia y sus protagonistas<\/h2>\n\n\n\n<p>Es una l\u00ednea de investigaci\u00f3n que tiene su origen en proyectos que comenzaron en 2007; Estrategias Comunicativas en Lengua de Se\u00f1as Argentina y Estrategias Comunicativas utilizadas por los Int\u00e9rpretes de Lengua de Se\u00f1as Argentina en Mendoza.<\/p>\n\n\n\n<p>Esos antecedentes revelan la necesidad de profundizar elementos que conforman un diccionario de lengua de se\u00f1as: aspectos fonol\u00f3gicos, l\u00e9xicos, morfol\u00f3gicos, sint\u00e1cticos, sem\u00e1nticos y pragm\u00e1ticos. A esta necesidad se suma el uso de la tecnolog\u00eda que favorece el acercamiento a la informaci\u00f3n.<\/p>\n\n\n\n<p>A fines de 2011 obtuvo financiamiento de la Secretar\u00eda de Investigaci\u00f3n Internacionales y Posgrado de la UNCuyo y finaliz\u00f3 en el a\u00f1o 2022.<\/p>\n\n\n\n<p>El equipo de trabajo est\u00e1 conformado por:&nbsp;<strong>Andrea Suraci (directora), Gabriela Guzm\u00e1n (co-directora); docentes: Ana Sisti, Beatriz Pellegrini, Mar\u00eda del Carmen Torre, Mariana Mart\u00ednez; personal no docente: Naum Novelli; miembros de la Comunidad Sorda de Mendoza: Paula Olgu\u00edn, Silvana Garc\u00eda, Noelia Soto; estudiantes: Elizabeth Enriquez, Patricia Sarmiento, Naim\u00ed Sim\u00f3n; egresadas: Y\u00e9sica Visino<\/strong>.<\/p>\n\n\n\n<p><strong>Fuente: www.diariouno.com.ar<\/strong><\/p>\n","protected":false},"excerpt":{"rendered":"<p>Buscando soluciones para problemas reales, como es la intercomunicaci\u00f3n con personas que tienen una discapacidad y su&nbsp;inclusi\u00f3n,&nbsp;un equipo de la Facultad de Educaci\u00f3n de la UNCuyo desarrollaron un diccionario digital de lenguaje de se\u00f1as in\u00e9dito en el pa\u00eds. Ser\u00e1 presentado formalmente el jueves 5 de octubre a las 19 en la sede del Campus de [&hellip;]<\/p>\n","protected":false},"author":2,"featured_media":1792,"comment_status":"open","ping_status":"open","sticky":false,"template":"","format":"standard","meta":[],"categories":[50],"tags":[],"_links":{"self":[{"href":"https:\/\/pasaenmendoza.com\/index.php?rest_route=\/wp\/v2\/posts\/1791"}],"collection":[{"href":"https:\/\/pasaenmendoza.com\/index.php?rest_route=\/wp\/v2\/posts"}],"about":[{"href":"https:\/\/pasaenmendoza.com\/index.php?rest_route=\/wp\/v2\/types\/post"}],"author":[{"embeddable":true,"href":"https:\/\/pasaenmendoza.com\/index.php?rest_route=\/wp\/v2\/users\/2"}],"replies":[{"embeddable":true,"href":"https:\/\/pasaenmendoza.com\/index.php?rest_route=%2Fwp%2Fv2%2Fcomments&post=1791"}],"version-history":[{"count":2,"href":"https:\/\/pasaenmendoza.com\/index.php?rest_route=\/wp\/v2\/posts\/1791\/revisions"}],"predecessor-version":[{"id":1794,"href":"https:\/\/pasaenmendoza.com\/index.php?rest_route=\/wp\/v2\/posts\/1791\/revisions\/1794"}],"wp:featuredmedia":[{"embeddable":true,"href":"https:\/\/pasaenmendoza.com\/index.php?rest_route=\/wp\/v2\/media\/1792"}],"wp:attachment":[{"href":"https:\/\/pasaenmendoza.com\/index.php?rest_route=%2Fwp%2Fv2%2Fmedia&parent=1791"}],"wp:term":[{"taxonomy":"category","embeddable":true,"href":"https:\/\/pasaenmendoza.com\/index.php?rest_route=%2Fwp%2Fv2%2Fcategories&post=1791"},{"taxonomy":"post_tag","embeddable":true,"href":"https:\/\/pasaenmendoza.com\/index.php?rest_route=%2Fwp%2Fv2%2Ftags&post=1791"}],"curies":[{"name":"wp","href":"https:\/\/api.w.org\/{rel}","templated":true}]}}