{"id":1795,"date":"2023-09-27T16:45:12","date_gmt":"2023-09-27T14:45:12","guid":{"rendered":"https:\/\/pasaenmendoza.com\/?p=1795"},"modified":"2023-09-27T16:45:13","modified_gmt":"2023-09-27T14:45:13","slug":"llegaron-6-000-pediatras-a-mendoza-para-debatir-la-crisis-de-salud-y-la-falta-de-incentivos","status":"publish","type":"post","link":"https:\/\/pasaenmendoza.com\/?p=1795","title":{"rendered":"Llegaron 6.000 pediatras a Mendoza para debatir la crisis de salud y la falta de incentivos"},"content":{"rendered":"\n<p><strong>Mendoza<\/strong>\u00a0es sede del\u00a0<strong>41\u00ba Congreso de Pediatr\u00eda<\/strong>, en donde confluyen\u00a0<strong>unos 6.000 profesionales de todo el pa\u00eds<\/strong>\u00a0para compartir conocimientos, experiencias y poner en debate los temas m\u00e1s relevantes de lo que ocurre en el consultorio y los problemas que atraviesa la especialidad.<\/p>\n\n\n\n<p>La actividad, que se desarrolla desde este martes al 29 de abril en el Hotel C\u00f3ndor, estuvo encabezada por el&nbsp;<strong>presidente de la Asociaci\u00f3n Argentina de Pediatr\u00eda (SAP) Pablo Moreno y la presidenta en Mendoza, Andrea Falaschi.<\/strong><\/p>\n\n\n\n<p>En di\u00e1logo con\u00a0<strong>Diario UNO<\/strong>, Moreno se manifest\u00f3 sobre\u00a0<strong>la decisi\u00f3n del sector privado de no recibir obras sociales cobrando la consulta o bien un bono<\/strong>\u00a0no reintegrable hasta llegar al honorario \u00e9tico, que es de $6.000. En tal sentido, el doctor\u00a0<strong>admiti\u00f3 que la crisis econ\u00f3mica impacta fuertemente en la especialidad<\/strong>\u00a0y\u00a0<strong>la falta de incentivos influye en detrimento de que se formen nuevos especialistas en ni\u00f1os.<\/strong><\/p>\n\n\n\n<p>&#8220;<strong>Hoy tenemos una profunda crisis&nbsp;<\/strong>con pocos m\u00e9dicos que egresan de la facultad y que quieren hacer pediatr\u00eda y con&nbsp;<strong>serias dificultades en el servicio por los bajos honorarios&nbsp;<\/strong>y los magros sueldos que cobran los pediatras&#8221;, expres\u00f3 el m\u00e9dico intensivista.<\/p>\n\n\n\n<p><strong>&#8220;La falta de profesionales se agrav\u00f3 en todas las especialidades que tienen que ver con la atenci\u00f3n del d\u00eda&#8221; (Falaschi)<\/strong><\/p>\n\n\n\n<p>Frente a esta realidad que se hace evidente en Mendoza, con pediatras que se radican en Chile o viajan los fines de semana a hacer guardias a San Luis, la mendocina Falaschi<strong>&nbsp;reconoci\u00f3 que hay una crisis del talento humano en pediatr\u00eda<\/strong>.<\/p>\n\n\n\n<p>&#8220;Se agudiz\u00f3 despu\u00e9s de la pandemia, es multicausal, desde lo que cuesta formar a los profesionales y que se agrav\u00f3 no solo en la atenci\u00f3n en ni\u00f1os,&nbsp;<strong>sino en todas las especialidades que tienen que ver con la atenci\u00f3n del d\u00eda&nbsp;<\/strong>y no tanto con aquellas que se respaldan en el uso de las tecnolog\u00edas, porque son las menos remuneradas&#8221;, dijo la directora de epidemiolog\u00eda.<\/p>\n\n\n\n<p>En tal sentido, Falaschi recalc\u00f3: &#8220;Tenemos que hacer mesas de trabajo con las universidades que son las que forman los recursos humanos, para<strong>&nbsp;tratar de acortar las carreras<\/strong>&nbsp;y tambi\u00e9n trabajar en las residencias y con los colegios por el ejercicio profesional. La Argentina tiene una realidad diversa y lo que estamos haciendo es sumar ideas desde lo acad\u00e9mico y desde lo formal&#8221;.<\/p>\n\n\n\n<h2 class=\"wp-block-heading\">Crisis en pediatr\u00eda<\/h2>\n\n\n\n<p><strong>Desde el 1 de septiembre, las distintas asociaciones m\u00e9dicas y cient\u00edficas decidieron comenzar a cobrar la consulta como particular<\/strong>&nbsp;y dejar de recibir obras sociales, prepagas y mutuales, debido a los&nbsp;<strong>bajos aranceles<\/strong>&nbsp;de las gerenciadoras. Como otras especialidades, los pediatras fijaron un&nbsp;<strong>&#8220;honorario \u00e9tico&#8221; de $6.000<\/strong>.<\/p>\n\n\n\n<p>La situaci\u00f3n se fue normalizando y hay algunos centros m\u00e9dicos y especialistas que fueron cerrando convenios por $6.000 o por menos, como es el caso de Medikids, que retom\u00f3 la atenci\u00f3n por obras sociales al 100%. Mientras que en Palmares y el Hospital Espa\u00f1ol se cobra un bono no reintegrable.<\/p>\n\n\n\n<p><strong>Fuente: www.diariouno.com.ar<\/strong><\/p>\n","protected":false},"excerpt":{"rendered":"<p>Mendoza\u00a0es sede del\u00a041\u00ba Congreso de Pediatr\u00eda, en donde confluyen\u00a0unos 6.000 profesionales de todo el pa\u00eds\u00a0para compartir conocimientos, experiencias y poner en debate los temas m\u00e1s relevantes de lo que ocurre en el consultorio y los problemas que atraviesa la especialidad. La actividad, que se desarrolla desde este martes al 29 de abril en el Hotel [&hellip;]<\/p>\n","protected":false},"author":2,"featured_media":1796,"comment_status":"open","ping_status":"open","sticky":false,"template":"","format":"standard","meta":[],"categories":[50],"tags":[],"_links":{"self":[{"href":"https:\/\/pasaenmendoza.com\/index.php?rest_route=\/wp\/v2\/posts\/1795"}],"collection":[{"href":"https:\/\/pasaenmendoza.com\/index.php?rest_route=\/wp\/v2\/posts"}],"about":[{"href":"https:\/\/pasaenmendoza.com\/index.php?rest_route=\/wp\/v2\/types\/post"}],"author":[{"embeddable":true,"href":"https:\/\/pasaenmendoza.com\/index.php?rest_route=\/wp\/v2\/users\/2"}],"replies":[{"embeddable":true,"href":"https:\/\/pasaenmendoza.com\/index.php?rest_route=%2Fwp%2Fv2%2Fcomments&post=1795"}],"version-history":[{"count":1,"href":"https:\/\/pasaenmendoza.com\/index.php?rest_route=\/wp\/v2\/posts\/1795\/revisions"}],"predecessor-version":[{"id":1797,"href":"https:\/\/pasaenmendoza.com\/index.php?rest_route=\/wp\/v2\/posts\/1795\/revisions\/1797"}],"wp:featuredmedia":[{"embeddable":true,"href":"https:\/\/pasaenmendoza.com\/index.php?rest_route=\/wp\/v2\/media\/1796"}],"wp:attachment":[{"href":"https:\/\/pasaenmendoza.com\/index.php?rest_route=%2Fwp%2Fv2%2Fmedia&parent=1795"}],"wp:term":[{"taxonomy":"category","embeddable":true,"href":"https:\/\/pasaenmendoza.com\/index.php?rest_route=%2Fwp%2Fv2%2Fcategories&post=1795"},{"taxonomy":"post_tag","embeddable":true,"href":"https:\/\/pasaenmendoza.com\/index.php?rest_route=%2Fwp%2Fv2%2Ftags&post=1795"}],"curies":[{"name":"wp","href":"https:\/\/api.w.org\/{rel}","templated":true}]}}