{"id":1798,"date":"2023-09-27T16:56:06","date_gmt":"2023-09-27T14:56:06","guid":{"rendered":"https:\/\/pasaenmendoza.com\/?p=1798"},"modified":"2023-09-27T16:56:07","modified_gmt":"2023-09-27T14:56:07","slug":"bullrich-se-reunio-con-gobernadores-para-darle-fuerza-a-su-campana","status":"publish","type":"post","link":"https:\/\/pasaenmendoza.com\/?p=1798","title":{"rendered":"Bullrich se reuni\u00f3 con gobernadores para darle fuerza a su campa\u00f1a"},"content":{"rendered":"\n<p>Este martes&nbsp;<strong>Patricia Bullrich<\/strong>, candidata a presidente de&nbsp;<strong>Juntos por el Cambio<\/strong>, consigui\u00f3 una importante foto de unidad y respaldo de gobernadores y dirigentes de primeras l\u00edneas de todo el pa\u00eds, una muestra de m\u00fasculo estructural en el pa\u00eds.<\/p>\n\n\n\n<p>Bullrich se reuni\u00f3 con los gobernadores electos<mark>&nbsp;Alfredo Cornejo (Mendoza), Maximiliano Pullaro (Santa Fe), Marcelo Orrego (San Juan), Claudio Poggi (San Luis), Ignacio Torres (Chubut), Carlos Sadir (Jujuy) y Leandro Zdero (Chaco)<\/mark>, el actual mandatario de Jujuy, Gerardo Morales y quienes buscar\u00e1n llegar al poder en octubre N\u00e9stor Grindetti (Buenos Aires), Jorge Macri (CABA), Rogelio Frigerio (Entre R\u00edos) y Flavio Fama (Catamarca).<\/p>\n\n\n\n<p>\u201c<em>La interna ya pas\u00f3 y estamos todos juntos. La gente ve que vamos ganando provincias, que tenemos m\u00fasculo para gobernar y un equipo de dirigentes mucho m\u00e1s comprometidos con el cambio<\/em>\u201c, explic\u00f3 la exministra de seguridad d\u00edas atr\u00e1s.<\/p>\n\n\n\n<p><mark>En el caso que Frigerio, Grindetti, Jorge Macri y Flama consigan triunfar el pr\u00f3ximo 22 de octubre, JxC tendr\u00eda 12 provincias bajo su administraci\u00f3n,<\/mark>&nbsp;dejando al peronismo en una situaci\u00f3n m\u00e1s que compleja.<\/p>\n\n\n\n<p>La foto surge luego de que la interna se agitara por una visita de Sergio Massa a Salta, donde estuvo con los gobernadores del Norte Grande y del que participaron Morales y Vald\u00e9s, en donde pidi\u00f3 por un gobierno de unidad nacional.<\/p>\n\n\n\n<p>Bullrich le baj\u00f3 el precio a las declaraciones de su contendiente, y explic\u00f3 que se trat\u00f3 de una movida exclusiva del ministro de Econom\u00eda. &#8220;<em>Fue una picard\u00eda de Massa. Era un acto institucional de los gobernadores, que hace tiempo que vienen trabajando para tener energ\u00eda solar, por biomasa, distintos tipos de energ\u00eda en todo el norte para la producci\u00f3n del Norte Grande<\/em>&#8220;.<\/p>\n\n\n\n<p><strong>Fuente: www.elsol.com.ar<\/strong><\/p>\n","protected":false},"excerpt":{"rendered":"<p>Este martes&nbsp;Patricia Bullrich, candidata a presidente de&nbsp;Juntos por el Cambio, consigui\u00f3 una importante foto de unidad y respaldo de gobernadores y dirigentes de primeras l\u00edneas de todo el pa\u00eds, una muestra de m\u00fasculo estructural en el pa\u00eds. Bullrich se reuni\u00f3 con los gobernadores electos&nbsp;Alfredo Cornejo (Mendoza), Maximiliano Pullaro (Santa Fe), Marcelo Orrego (San Juan), Claudio [&hellip;]<\/p>\n","protected":false},"author":2,"featured_media":1799,"comment_status":"open","ping_status":"open","sticky":false,"template":"","format":"standard","meta":[],"categories":[47],"tags":[],"_links":{"self":[{"href":"https:\/\/pasaenmendoza.com\/index.php?rest_route=\/wp\/v2\/posts\/1798"}],"collection":[{"href":"https:\/\/pasaenmendoza.com\/index.php?rest_route=\/wp\/v2\/posts"}],"about":[{"href":"https:\/\/pasaenmendoza.com\/index.php?rest_route=\/wp\/v2\/types\/post"}],"author":[{"embeddable":true,"href":"https:\/\/pasaenmendoza.com\/index.php?rest_route=\/wp\/v2\/users\/2"}],"replies":[{"embeddable":true,"href":"https:\/\/pasaenmendoza.com\/index.php?rest_route=%2Fwp%2Fv2%2Fcomments&post=1798"}],"version-history":[{"count":1,"href":"https:\/\/pasaenmendoza.com\/index.php?rest_route=\/wp\/v2\/posts\/1798\/revisions"}],"predecessor-version":[{"id":1800,"href":"https:\/\/pasaenmendoza.com\/index.php?rest_route=\/wp\/v2\/posts\/1798\/revisions\/1800"}],"wp:featuredmedia":[{"embeddable":true,"href":"https:\/\/pasaenmendoza.com\/index.php?rest_route=\/wp\/v2\/media\/1799"}],"wp:attachment":[{"href":"https:\/\/pasaenmendoza.com\/index.php?rest_route=%2Fwp%2Fv2%2Fmedia&parent=1798"}],"wp:term":[{"taxonomy":"category","embeddable":true,"href":"https:\/\/pasaenmendoza.com\/index.php?rest_route=%2Fwp%2Fv2%2Fcategories&post=1798"},{"taxonomy":"post_tag","embeddable":true,"href":"https:\/\/pasaenmendoza.com\/index.php?rest_route=%2Fwp%2Fv2%2Ftags&post=1798"}],"curies":[{"name":"wp","href":"https:\/\/api.w.org\/{rel}","templated":true}]}}