{"id":1801,"date":"2023-09-28T12:43:06","date_gmt":"2023-09-28T10:43:06","guid":{"rendered":"https:\/\/pasaenmendoza.com\/?p=1801"},"modified":"2023-09-28T12:43:07","modified_gmt":"2023-09-28T10:43:07","slug":"el-escenario-adverso-que-enfrentaran-cinco-intendentes-desde-diciembre","status":"publish","type":"post","link":"https:\/\/pasaenmendoza.com\/?p=1801","title":{"rendered":"El escenario adverso que enfrentar\u00e1n cinco intendentes desde diciembre"},"content":{"rendered":"\n<p>Los jefes comunales de Maip\u00fa, Las Heras, San Carlos, Malarg\u00fce y Rivadavia encarar\u00e1n la pr\u00f3xima gesti\u00f3n municipal siendo minor\u00eda en los Concejos Deliberantes.<\/p>\n\n\n\n<p>Luego de las\u00a0elecciones\u00a0desdobladas en siete departamentos y tras los comicios del \u00faltimo domingo, se defini\u00f3 qui\u00e9nes estar\u00e1n a cargo de las 18\u00a0<strong>intendencias\u00a0<\/strong>mendocinas para los pr\u00f3ximos cuatro a\u00f1os. Cinco de esos jefes comunales afrontar\u00e1n sus mandatos en diciembre con un particular escenario adverso, ya que tendr\u00e1n minor\u00eda en sus respectivos concejos deliberantes y estar\u00e1n obligados a negociar con la oposici\u00f3n la conducci\u00f3n de los cuerpos y la aprobaci\u00f3n de los proyectos de ordenanza.<\/p>\n\n\n\n<p>Este domingo fueron electos los\u00a0<strong>intendentes\u00a0<\/strong>y concejales de Capital, Las Heras, Guaymall\u00e9n, Godoy Cruz, Luj\u00e1n de Cuyo, San Mart\u00edn, Jun\u00edn, Rivadavia, Tupungato, General Alvear y Malarg\u00fce. Mientras que el pasado 3 de septiembre ya se hab\u00edan definido los jefes comunales y ediles de Maip\u00fa, Lavalle, Santa Rosa, La Paz, San Carlos, Tunuy\u00e1n y San Rafael.<\/p>\n\n\n\n<p>De cara al inicio de sus pr\u00f3ximos mandatos, la mayor\u00eda de los \u201ccaciques\u201d mendocinos tendr\u00e1 un panorama favorable en sus respectivos concejos deliberantes, ya que el oficialismo contar\u00e1 con la mayor\u00eda de las bancas o al menos estar\u00e1 empatado, con una oposici\u00f3n fragmentada.<\/p>\n\n\n\n<p>No obstante, cinco\u00a0<strong>intendentes\u00a0<\/strong>deber\u00e1n afrontar un escenario adverso con minor\u00eda oficialista en los cuerpos parlamentarios municipales. Son los casos de los peronistas\u00a0<strong>Mat\u00edas Stevanato<\/strong>, en Maip\u00fa, y\u00a0<strong>Celso Jaque<\/strong>, en Malarg\u00fce; el radical\u00a0<strong>Francisco Lo Presti<\/strong>, en Las Heras; el \u201cdifonsista\u201d\u00a0<strong>Alejandro Morillas<\/strong>, en San Carlos; y el radical d\u00edscolo\u00a0<strong>Ricardo Mansur<\/strong>, en Rivadavia.<\/p>\n\n\n\n<h2 class=\"wp-block-heading\">Oficialismos en minor\u00eda<\/h2>\n\n\n\n<p>Mat\u00edas Stevanato arrancar\u00e1 su segundo mandato como intendente de Maip\u00fa de la misma manera que termina el primero, gobernando con un Concejo Deliberante en minor\u00eda. Cambia Mendoza mantendr\u00e1 la mayor\u00eda en el cuerpo legislativo municipal aunque pasar\u00e1 de tener siete ediles a seis. El peronismo tendr\u00e1 5 concejales a partir de diciembre y la banca restante la tendr\u00e1n los libertarios.<\/p>\n\n\n\n<p>El bloque mayoritario del radicalismo y aliados estar\u00e1 integrado por Marcos Flores, Mar\u00eda Elisa G\u00f3mez, Sergio Dragoni, Gladys S\u00e1nchez, Gabriel L\u00f3pez y Anal\u00eda Pallero. En tanto, la bancada peronista la compondr\u00e1n Yamila Cerezo, David Genco, Marcelo Guevara, Bel\u00e9n Banqueri y Florencia D\u00e9cima.<\/p>\n\n\n\n<p>Mientras que por el espacio libertario ingres\u00f3 Alfredo Mancifesta, hist\u00f3rico dirigente del PD en la comuna que fue concejal durante la d\u00e9cada de los &#8217;90.<\/p>\n\n\n\n<p>En San Carlos, el flamante&nbsp;<strong>intendente&nbsp;<\/strong>Alejandro Morillas, alineado con La Uni\u00f3n Mendocina, tendr\u00e1 solo tres concejales afines que ser\u00e1n Ariel M\u00e9ndez, Ariel Martini y Daniela Noem\u00ed Sancho. El oficialismo municipal ser\u00e1 la segunda minor\u00eda, ya que la primera la conformar\u00e1n el bloque Nuevos Rumbos-Cambia Mendoza que contar\u00e1 con los ediles Agustina Testa, Cecilia Coronel, Silvina C\u00f3rdoba y Teddy Gallerani.<\/p>\n\n\n\n<p>En tanto, el Partido Verde tendr\u00e1 como ediles a Leonor Bianchetti y Luis Ariel Granados, mientras que Ver\u00f3nica Diez quedar\u00e1 como la \u00fanica concejal peronista.<\/p>\n\n\n\n<p><strong>Celso Jaque<\/strong>&nbsp;volver\u00e1 a la intendencia de&nbsp;<strong>Malarg\u00fce&nbsp;<\/strong>tras dos d\u00e9cadas y afrontar\u00e1 este nuevo desaf\u00edo con un Concejo Deliberante fraccionado en seis bloques. Los cuatro concejales que conformar\u00e1n la bancada peronista ser\u00e1n Pablo Cabrera, Rodrigo Hidalgo, Emilce Mansilla y Magal\u00ed Acosta. A su vez, el bloque de Cambia Mendoza lo integrar\u00e1n Pablo Villarroel y Viviana Mosca. Adem\u00e1s tendr\u00e1n sus bancas \u201cEly\u201d Gonz\u00e1lez, de La Uni\u00f3n Mendocina; Mart\u00edn Palma, de la UCR independiente; Silvina Camiolo, peronista d\u00edscola de Reconstruyendo Malarg\u00fce; y Francisco Parada, del Partido Federal.<\/p>\n\n\n\n<p>Otro exjefe comunal que regresa es&nbsp;<strong>Ricardo Mansur<\/strong>, quien asumir\u00e1 un nuevo mandato como intendente de&nbsp;<strong>Rivadavia<\/strong>, pero ya alejado del radicalismo y liderando el partido municipal Sembrar. Este espacio contar\u00e1 con cuatro bancas en el Concejo Deliberante, que ser\u00e1n Luis Garc\u00eda Llaur\u00f3, Alicia Kihn, V\u00edctor \u201cConejo\u201d Ag\u00fcero (Partido Socialista) y Nilda Pichilli (Libres del Sur).<\/p>\n\n\n\n<p>A su vez, la bancada de Cambia Mendoza estar\u00e1 integrada por Silvana Francese, Alejandro Flores, Hern\u00e1n Amat y Laura Abate: Y completar\u00e1n los esca\u00f1os los peronistas Johana Genovese y Juan Manuel Villalba.<\/p>\n\n\n\n<p>Francisco Lo Presti tuvo un ajustado triunfo en las elecciones del domingo y logr\u00f3 imponerse como futuro\u00a0<strong>intendente\u00a0<\/strong>de Las Heras, superando por 3 puntos al candidato oficialista de La Uni\u00f3n Mendocina que impulsaba el actual jefe comunal Daniel Orozco.<\/p>\n\n\n\n<p>El exfuncionario municipal radical encarar\u00e1 el inicio de su gesti\u00f3n con un panorama adverso en el Concejo Deliberante, ya que solo contar\u00e1 con dos ediles oficialistas de Cambia Mendoza: Noelia Delpir y Jos\u00e9 Mar\u00eda Villavicencio.<\/p>\n\n\n\n<p>La Uni\u00f3n Mendocina tendr\u00e1 una bancada de seis concejales que ser\u00e1n Laura Fern\u00e1ndez, Eduardo Gonz\u00e1lez, Priscila Maturano, Viviana Riquelme, Miguel Juarez y Alberto Guajardo. En los pr\u00f3ximos meses habr\u00e1 que ver si el bloque \u201corozquista\u201d contin\u00faa unido o si alguno de los ediles abandona las filas, tras el traspaso de mando en el municipio.<\/p>\n\n\n\n<p>Completan la composici\u00f3n del cuerpo los peronistas Ra\u00fal Ceverino y Mabel Iannizzotto; Bel\u00e9n Cort\u00ednez, de Protectora; y Paula Garc\u00eda, del Partido Verde.<\/p>\n\n\n\n<h2 class=\"wp-block-heading\">Concejos empatados<\/h2>\n\n\n\n<p>Omar F\u00e9lix volver\u00e1 a la intendencia de&nbsp;<strong>San Rafael&nbsp;<\/strong>y tendr\u00e1 un Concejo Deliberante apenas favorable, ya que el oficialismo empatar\u00e1 en bancas a una oposici\u00f3n, pero \u00e9sta no tendr\u00e1 un bloque uniforme.<\/p>\n\n\n\n<p>El bloque peronista lo integrar\u00e1n Paulo Campi, Samuel Barcudi y Pamela Torres se agregar\u00e1n Nahuel Arscone, Antonella Cristofanelli y N\u00e9stor Ojeda. Por su parte, Cambia Mendoza contar\u00e1 con Romina Giraudo, Francisco Mondotte, Leonardo Yapur incorporar\u00e1 a Adri\u00e1n Reche y Romina Giordano. A su vez, Mart\u00edn Antolin representar\u00e1 al Frente Libertario Dem\u00f3crata y Jubilados, espacio que no est\u00e1 alineado con el radicalismo.<\/p>\n\n\n\n<p>El futuro intendente de Tupungato, Gustavo Aguilera, tambi\u00e9n tendr\u00e1 un concejo empatado y con una oposici\u00f3n fragmentada. Los ediles de&nbsp;<strong>Cambia Mendoza<\/strong>&nbsp;ser\u00e1n Marcela Granizo,Daniel Pantaleo, Natalia Tejera, Antonio Balderrama y Jos\u00e9 Luis Giuliani. Aqu\u00ed se da la particularidad de que los dos \u00faltimos compitieron contra Aguilera en la interna por la&nbsp;<strong>intendencia<\/strong>.<\/p>\n\n\n\n<p>Las bancas opositoras estar\u00e1n ocupadas por los peronistas Marcelo S\u00e1nchez y Ruth &#8220;Cielo&#8221; Lucero; los aliados de La Uni\u00f3n Mendocina, Facundo Arce y M\u00f3nica Ben\u00edtez; y Jorge Marcelo Llull, del partido municipal Nuevo Tupungato.<\/p>\n\n\n\n<p>Por su parte, Alejandro \u201cJany\u201d Molero ser\u00e1 el pr\u00f3ximo&nbsp;<strong>intendente&nbsp;<\/strong>de General Alvear y afrontar\u00e1 un escenario legislativo local similar. La bancada oficialista de Cambia Mendoza la integrar\u00e1n Carlos Esteban Zalazar, Mar\u00eda Gisela Bello, Hern\u00e1n Climent y Alejandra Torti, mientras que Adri\u00e1n Caltabiano es un aliado perteneciente al sector de Activ\u00e1 Mendoza.<\/p>\n\n\n\n<p>En tanto, N\u00e9stor Fabi\u00e1n Ortega y Mirta Edith Mart\u00ednez conformar\u00e1n el bloque de La Uni\u00f3n Mendocina; Florencia Escart\u00edn y Silvina Melzi, la bancada peronista y Raquel Yunes, representar\u00e1 al espacio Encuentro-Partido Federal.<\/p>\n\n\n\n<h2 class=\"wp-block-heading\">Mayor\u00edas aseguradas<\/h2>\n\n\n\n<p>Tres intendentes del Gran Mendoza y uno del Este tendr\u00e1n mayor\u00edas holgadas en sus respectivos concejos deliberantes, alcanzando los dos tercios del cuerpo.<\/p>\n\n\n\n<p>Son los casos de Diego Costarelli en Godoy Cruz, que tendr\u00e1 un bloque oficialista de 9 concejales que ser\u00e1n Noelia Santino, Fabricio Cuaranta, Jorge Magnaghi, Melisa Mart\u00ednez, Marcela Fern\u00e1ndez, Pedro San Mart\u00edn, Marianella Araya, Marcelo Corti y Silvina Anfuso.<\/p>\n\n\n\n<p>Las tres bancas restantes ser\u00e1n para Jorge Quiroga (LAUM), Francisco \u201cPancho\u201d Cord\u00f3n (Partido Verde) y Mart\u00edn Gonz\u00e1lez (PJ).<\/p>\n\n\n\n<p>Ulpiano Suarez en Capital contar\u00e1 con una mayor\u00eda de 8 ediles oficialista en el cuerpo parlamentario municipal. Estos ser\u00e1n Marcelo Rubio, Cielo Daou, Ernesto Gim\u00e9nez y Eva Gonz\u00e1lez, Pablo Espina, Alejandra Weintraub, Gladys Rodr\u00edguez y Susana Palmieri.<\/p>\n\n\n\n<p>La Uni\u00f3n Mendocina contar\u00e1 con una bancada de dos integrantes: Gustavo Guti\u00e9rrez, hist\u00f3rico referente de la Coalici\u00f3n C\u00edvica, y Lucas Carosio, dirigente del PRO demarchista. A su vez, completar\u00e1n los esca\u00f1os Ricardo Garc\u00eda, por el Partido Verde, y Gustavo Caelau, por el peronismo.<\/p>\n\n\n\n<p>El mismo escenario que en la Ciudad de Mendoza se le presentar\u00e1 al futuro&nbsp;<strong>intendente&nbsp;<\/strong>de Guaymall\u00e9n, Marcos Calvente. El bloque oficialista estar\u00e1 compuesto por Ver\u00f3nica Cancela, Ezequiel Genovese y Cristina Delia Vargas, Miqueas Burgoa, Mat\u00edas Fern\u00e1ndez, Florencia Trivi\u00f1o, Juana Allende y Jonathan Mazuela.<\/p>\n\n\n\n<p>Por otra parte estar\u00e1n Exequiel \u201cTeddy\u201d Morales y Sonia Sedano, de LAUM); Jos\u00e9 Pozzoli, del PJ; y Pedro \u201cTito\u201d Bast\u00edas, del Partido Verde.<\/p>\n\n\n\n<p><strong>Mario Abed<\/strong>&nbsp;encarar\u00e1 su quinto mandato como intendente de Jun\u00edn con una \u201cs\u00faper mayor\u00eda\u201d de ocho concejales. Ricardo Morcos, Adriana Montivero, Alberto Deblasis, Romina Maravilla, Mar\u00eda Florencia Coria, Gabriela In\u00e9s Gui\u00f1az\u00fa, Mat\u00edas Fernando Manuccia y Marcos Santiago Rold\u00e1n compondr\u00e1n la bancada de Cambia Mendoza.<\/p>\n\n\n\n<p>En tanto, Dar\u00edo Gonz\u00e1lez representar\u00e1 a La Uni\u00f3n Mendocina y Mar\u00eda Lourdes Sosa al peronismo.<\/p>\n\n\n\n<p>El intendente de San Mart\u00edn, Ra\u00fal Rufeil, afrontar\u00e1 su segundo mandato con mayor\u00eda asegurada en el Concejo Deliberante. La bancada oficialista la integrar\u00e1n Sergio Dube, Rica Gim\u00e9nez, Beatriz Yolanda Mohr, Mario C\u00e9sar Rivero, Jorge Pedro Fontana, Mar\u00eda de los \u00c1ngeles Ponce y Carolina Daiana Gizzi.<\/p>\n\n\n\n<p>El bloque peronista estar\u00e1 conformado por Leonardo \u201cMelli\u201d Vilchez, Silvina Marisol Ag\u00fcero y Alejandro Lorenzo Ravazzani; mientras que Cristian Adri\u00e1n Milio y Andrea Paola Sacre ser\u00e1n ediles por La Uni\u00f3n Mendocina.<\/p>\n\n\n\n<p>El \u201cdemarchista\u201d Esteban Allasino asumir\u00e1 la intendencia de Luj\u00e1n de Cuyo con un escenario favorable en el cuerpo parlamentario municipal. La Uni\u00f3n Mendocina tendr\u00e1 siete bancas ocupadas por Rolando Baldasso, Cecilia Soul\u00e9, Andr\u00e9s Sconfienza, Gabriela Della Blanca, Guillermo Trentacoste, Patricia Tahan y Malen Abalos.<\/p>\n\n\n\n<p>En tanto, Laura G\u00f3mez, Adri\u00e1n Devia, Carlos Sala, Rub\u00e9n L\u00e1zaro ser\u00e1n los concejales que tendr\u00e1 Cambia Mendoza, mientras que Paloma Scalco conformar\u00e1 un unibloque peronismo.<\/p>\n\n\n\n<p>Edgardo Gonz\u00e1lez asumir\u00e1 en diciembre la intendencia de&nbsp;<strong>Lavalle&nbsp;<\/strong>y contar\u00e1 con un escenario favorable en el concejo deliberante, ya que el peronismo tendr\u00e1 mayor\u00eda de la mano de los ediles Mar\u00eda Gimena Masoero, Maximiliano Rivera, Luis Eduardo Mangione, Diego Sifuente, Bel\u00e9n Quiroga y Guadalupe Pares Martino.<\/p>\n\n\n\n<p>A su vez, Cambia Mendoza completar\u00e1 el resto de las bancas con los radicales Herman Mercado, Laura Bald\u00e9s y Walter Gonz\u00e1lez y la referente de Libres del Sur, Carolina Del Castillo.<\/p>\n\n\n\n<p>En&nbsp;<strong>Tunuy\u00e1n&nbsp;<\/strong>el Concejo Deliberante continuar\u00e1 con mayor\u00eda peronista de seis concejales. A Anabella Perell\u00f3 Hinojosa y Noel Urbina se le sumar\u00e1n Mart\u00edn Aveiro, Paulina Cramero y Daniel Rueda. En tanto, Emir Andraos deber\u00e1 renunciar a su banca para asumir en diciembre la intendencia y su lugar en el cuerpo lo ocupar\u00e1 Pablo Ariel Puebla Mayol.<\/p>\n\n\n\n<p>De todas maneras, est\u00e1 en duda todav\u00eda si Aveiro asumir\u00e1 su banca de edil, ya que en octubre podr\u00eda ser electo diputado nacional. En ese caso, el exintendente desembarcar\u00eda en el Congreso y su lugar en el Concejo lo ocupar\u00e1 Luj\u00e1n \u00c1lvarez.<\/p>\n\n\n\n<p>Por su parte, el bloque de&nbsp;<strong>Cambia Mendoza<\/strong>&nbsp;seguir\u00e1 contando con Luis L\u00f3pez y Cecilia Di Nasso y se incorporar\u00e1n Gast\u00f3n Mart\u00edn y Ver\u00f3nica Atencio.<\/p>\n\n\n\n<p>En Santa Rosa, la peronista\u00a0<strong>Flor Dest\u00e9fanis\u00a0<\/strong>arrancar\u00e1 su segundo mandato como intendenta con un Concejo Deliberante con mayor\u00eda oficialista. A los actuales ediles peronistas D\u00e9bora Quiroga, Leonardo Saile y Hern\u00e1n Dube se le sumar\u00e1n Mariano Vilches, Mar\u00eda Jos\u00e9 Buffa y Diego Foco.<\/p>\n\n\n\n<p>Mientras que Cambia Mendoza incorporar\u00e1 a Lili Campos y Diego Ercoli a la bancada que ya integran Ezequiel Quiles y Norma Trigo.<\/p>\n\n\n\n<p>La misma situaci\u00f3n afrontar\u00e1 el otro intendente peronista del Este, el pace\u00f1o Fernando Ubieta. El cuerpo legislativo de La Paz seguir\u00e1 con una mayor\u00eda de seis concejales peronistas y cuatro radicales.<\/p>\n\n\n\n<p>El bloque oficialista lo integrar\u00e1n Carlos Raed, Romina Barrera, H\u00e9ctor Fern\u00e1ndez, Gonzalo Arrigo, Virginia Gonz\u00e1lez e Ivana Rosales. En tanto, el de Cambia Mendoza lo conformar\u00e1n Fernando Rojas, Maira Ort\u00edz, Dani Blanco y Ani Pinto.<\/p>\n\n\n\n<p>FUENTE: Mdzonline.<\/p>\n","protected":false},"excerpt":{"rendered":"<p>Los jefes comunales de Maip\u00fa, Las Heras, San Carlos, Malarg\u00fce y Rivadavia encarar\u00e1n la pr\u00f3xima gesti\u00f3n municipal siendo minor\u00eda en los Concejos Deliberantes. Luego de las\u00a0elecciones\u00a0desdobladas en siete departamentos y tras los comicios del \u00faltimo domingo, se defini\u00f3 qui\u00e9nes estar\u00e1n a cargo de las 18\u00a0intendencias\u00a0mendocinas para los pr\u00f3ximos cuatro a\u00f1os. Cinco de esos jefes comunales [&hellip;]<\/p>\n","protected":false},"author":2,"featured_media":1802,"comment_status":"open","ping_status":"open","sticky":true,"template":"","format":"standard","meta":[],"categories":[47],"tags":[],"_links":{"self":[{"href":"https:\/\/pasaenmendoza.com\/index.php?rest_route=\/wp\/v2\/posts\/1801"}],"collection":[{"href":"https:\/\/pasaenmendoza.com\/index.php?rest_route=\/wp\/v2\/posts"}],"about":[{"href":"https:\/\/pasaenmendoza.com\/index.php?rest_route=\/wp\/v2\/types\/post"}],"author":[{"embeddable":true,"href":"https:\/\/pasaenmendoza.com\/index.php?rest_route=\/wp\/v2\/users\/2"}],"replies":[{"embeddable":true,"href":"https:\/\/pasaenmendoza.com\/index.php?rest_route=%2Fwp%2Fv2%2Fcomments&post=1801"}],"version-history":[{"count":1,"href":"https:\/\/pasaenmendoza.com\/index.php?rest_route=\/wp\/v2\/posts\/1801\/revisions"}],"predecessor-version":[{"id":1803,"href":"https:\/\/pasaenmendoza.com\/index.php?rest_route=\/wp\/v2\/posts\/1801\/revisions\/1803"}],"wp:featuredmedia":[{"embeddable":true,"href":"https:\/\/pasaenmendoza.com\/index.php?rest_route=\/wp\/v2\/media\/1802"}],"wp:attachment":[{"href":"https:\/\/pasaenmendoza.com\/index.php?rest_route=%2Fwp%2Fv2%2Fmedia&parent=1801"}],"wp:term":[{"taxonomy":"category","embeddable":true,"href":"https:\/\/pasaenmendoza.com\/index.php?rest_route=%2Fwp%2Fv2%2Fcategories&post=1801"},{"taxonomy":"post_tag","embeddable":true,"href":"https:\/\/pasaenmendoza.com\/index.php?rest_route=%2Fwp%2Fv2%2Ftags&post=1801"}],"curies":[{"name":"wp","href":"https:\/\/api.w.org\/{rel}","templated":true}]}}