{"id":1804,"date":"2023-09-28T12:46:24","date_gmt":"2023-09-28T10:46:24","guid":{"rendered":"https:\/\/pasaenmendoza.com\/?p=1804"},"modified":"2023-09-28T12:46:25","modified_gmt":"2023-09-28T10:46:25","slug":"en-la-prorroga-del-presupuesto-algunas-de-las-claves-del-nuevo-gobierno","status":"publish","type":"post","link":"https:\/\/pasaenmendoza.com\/?p=1804","title":{"rendered":"En la pr\u00f3rroga del presupuesto, algunas de las claves del nuevo gobierno"},"content":{"rendered":"\n<p>La postergaci\u00f3n en la presentaci\u00f3n legislativa del presupuesto del 2024 que han acordado Alfredo Cornejo y Rodolfo Suarez ser\u00eda la primera medida que tomar\u00edan entre ambos si, finalmente, como sucedi\u00f3, el oficialismo se impon\u00eda en las elecciones para seguir gobernando la provincia, en este caso, hasta el 2027.<\/p>\n\n\n\n<p>La pr\u00f3rroga de la Ley de Leyes supone cumplir con un acto formal de \u00edndole t\u00e9cnica y legal, claramente, porque el Ejecutivo tiene plazo hasta fin de mes para el env\u00edo, y la demora no ser\u00eda de m\u00e1s de una semana, seg\u00fan lo revelado por el propio Cornejo, el gobernador electo. Pero, desde luego, la decisi\u00f3n tiene un alto impacto pol\u00edtico para lo que viene, porque en el entramado de los nuevos art\u00edculos o las correcciones a los que ya existen sobre lo que se hab\u00eda elaborado, se estar\u00eda resumiendo la l\u00ednea central y medular del considerado nuevo proyecto de gobierno en la vuelta de Cornejo por la conducci\u00f3n de la Provincia.<\/p>\n\n\n\n<p>Cornejo est\u00e1 dando algunas pistas. En sus declaraciones a LVDiez, durante el programa Opini\u00f3n de este mi\u00e9rcoles, ha dicho que lo que viene pondr\u00e1 el acento, otra vez, como lo hiciera en el 2015, en los bolsones de improductividad que todav\u00eda quedan sin revisar, o que aparecieron durante la gesti\u00f3n de Suarez, pero esto \u00faltimo no lo ha dicho en esos t\u00e9rminos. Aunque quienes entornan al senador que el 9 de diciembre asumir\u00e1 por segunda vez en el Ejecutivo, sostienen que lo que recibir\u00e1 es \u201cinmensamente mejor\u201d que lo que tom\u00f3 de la gesti\u00f3n de Francisco P\u00e9rez a fines del 2015, se entiende que la apuesta en el 2019 del actual equipo de gobierno era que se mejoraran todas las variables y los \u00edndices que dejaba Cornejo. Y la provincia ingres\u00f3 en una meseta, claramente. Es cierto que lo hecho alcanz\u00f3 para que Suarez hoy reivindique su administraci\u00f3n y la ponga en valor con un derecho indiscutible. Pero no ha sido todo lo bueno que esperaban, pandemia de por medio, discriminaciones varias de la Naci\u00f3n y por un buen conjunto o selecci\u00f3n importante de indefiniciones propias, hay que decir, y porque no se sostuvieron decisiones pol\u00edticas estrat\u00e9gicas cuando se debi\u00f3, ya fuese por dudas, arrepentimientos, temores u otras razones por ahora desconocidas.<\/p>\n\n\n\n<p>Las modificaciones al presupuesto tambi\u00e9n se extender\u00e1n al paquete impositivo y de aval\u00fao. En ellas, se podr\u00edan incorporar medidas para simplificar el pago de impuestos y \u2013admiti\u00f3 Cornejo\u2013 rebajas de los mismos, aunque en este punto no hubo m\u00e1s especificidad. Cornejo ya tiene un plan para hacer uso de lo que ser\u00edan las nuevas joyas de la abuela que Mendoza tiene en su haber: aquellos 1.023 millones de d\u00f3lares que est\u00e1 pagando la Naci\u00f3n como resarcimiento de los efectos que provoc\u00f3 la promoci\u00f3n industrial a las provincias vecinas tras m\u00e1s de 30 a\u00f1os de perjuicios a Mendoza. Como esos fondos no se usar\u00e1n para el fallido dique Portezuelo del Viento, Cornejo prev\u00e9 cambiarles el fin y abrir el juego a otras obras p\u00fablicas que no sean solo hidroenerg\u00e9ticas. Se trata de la suma de seis presupuestos de los que destina la Provincia a la obra p\u00fablica por a\u00f1o. La idea es conducir esos recursos a inversiones vinculadas con la producci\u00f3n de alimentos por la v\u00eda de la agroindustria, la infraestructura general y las mejoras en la accesibilidad a destinos tur\u00edsticos, que podr\u00eda ser el otro sector a priorizar, luego de que quedara en pausa aquel plan para mejorar las villas tur\u00edsticas de alta monta\u00f1a, que en alg\u00fan momento se pens\u00f3 como remplazo de la actividad minera a gran escala, que seguir\u00eda esperando su oportunidad y una \u00e9poca de licencia social extendida, que hoy no tiene.<\/p>\n\n\n\n<p>\u201cGane quien gane la Presidencia, no quiero que Mendoza pierda la protecci\u00f3n social que ha logrado en materia educativa\u201d, dijo Cornejo este mi\u00e9rcoles. De la gesti\u00f3n de Suarez, su sucesor destaca el nivel de inclusi\u00f3n logrado en el \u00e1rea de la educaci\u00f3n. Seg\u00fan asegura, la provincia tiene el registro y la trazabilidad de cada uno de los chicos en edad escolar de primaria. \u201cTodos est\u00e1n dentro del sistema\u201d, dijo este mi\u00e9rcoles, mientras que 91 por ciento del total en edad de secundaria est\u00e1 en los colegios. De ah\u00ed que ha adelantado, tambi\u00e9n, que para el a\u00f1o que viene se avanzar\u00e1 en un programa de conectividad de internet que alcanzar\u00e1 a la totalidad de la comunidad educativa. Para marzo, ha dicho, todas las escuelas contar\u00e1n con una red que deber\u00eda posibilitar la navegaci\u00f3n con fines de estudio e investigaci\u00f3n, ampliando el uso meramente administrativo que hoy se le da.<\/p>\n\n\n\n<p>FUENTE: elsol.com.ar<\/p>\n","protected":false},"excerpt":{"rendered":"<p>La postergaci\u00f3n en la presentaci\u00f3n legislativa del presupuesto del 2024 que han acordado Alfredo Cornejo y Rodolfo Suarez ser\u00eda la primera medida que tomar\u00edan entre ambos si, finalmente, como sucedi\u00f3, el oficialismo se impon\u00eda en las elecciones para seguir gobernando la provincia, en este caso, hasta el 2027. La pr\u00f3rroga de la Ley de Leyes [&hellip;]<\/p>\n","protected":false},"author":2,"featured_media":1805,"comment_status":"open","ping_status":"open","sticky":true,"template":"","format":"standard","meta":[],"categories":[47],"tags":[],"_links":{"self":[{"href":"https:\/\/pasaenmendoza.com\/index.php?rest_route=\/wp\/v2\/posts\/1804"}],"collection":[{"href":"https:\/\/pasaenmendoza.com\/index.php?rest_route=\/wp\/v2\/posts"}],"about":[{"href":"https:\/\/pasaenmendoza.com\/index.php?rest_route=\/wp\/v2\/types\/post"}],"author":[{"embeddable":true,"href":"https:\/\/pasaenmendoza.com\/index.php?rest_route=\/wp\/v2\/users\/2"}],"replies":[{"embeddable":true,"href":"https:\/\/pasaenmendoza.com\/index.php?rest_route=%2Fwp%2Fv2%2Fcomments&post=1804"}],"version-history":[{"count":1,"href":"https:\/\/pasaenmendoza.com\/index.php?rest_route=\/wp\/v2\/posts\/1804\/revisions"}],"predecessor-version":[{"id":1806,"href":"https:\/\/pasaenmendoza.com\/index.php?rest_route=\/wp\/v2\/posts\/1804\/revisions\/1806"}],"wp:featuredmedia":[{"embeddable":true,"href":"https:\/\/pasaenmendoza.com\/index.php?rest_route=\/wp\/v2\/media\/1805"}],"wp:attachment":[{"href":"https:\/\/pasaenmendoza.com\/index.php?rest_route=%2Fwp%2Fv2%2Fmedia&parent=1804"}],"wp:term":[{"taxonomy":"category","embeddable":true,"href":"https:\/\/pasaenmendoza.com\/index.php?rest_route=%2Fwp%2Fv2%2Fcategories&post=1804"},{"taxonomy":"post_tag","embeddable":true,"href":"https:\/\/pasaenmendoza.com\/index.php?rest_route=%2Fwp%2Fv2%2Ftags&post=1804"}],"curies":[{"name":"wp","href":"https:\/\/api.w.org\/{rel}","templated":true}]}}