{"id":1810,"date":"2023-09-28T12:56:07","date_gmt":"2023-09-28T10:56:07","guid":{"rendered":"https:\/\/pasaenmendoza.com\/?p=1810"},"modified":"2023-09-28T12:56:08","modified_gmt":"2023-09-28T10:56:08","slug":"suarez-va-a-la-justicia-para-que-nacion-anule-las-polemicas-resoluciones-sobre-mapuches","status":"publish","type":"post","link":"https:\/\/pasaenmendoza.com\/?p=1810","title":{"rendered":"Suarez va a la Justicia para que Naci\u00f3n anule las pol\u00e9micas resoluciones sobre &#8220;mapuches&#8221;"},"content":{"rendered":"\n<p>El gobernador orden\u00f3 al Asesor de Gobierno que inicie las acciones judiciales para que finalmente se anulen las resoluciones del Instituto Nacional de Asuntos Ind\u00edgenas.<\/p>\n\n\n\n<p>En enero de este a\u00f1o, el Instituto Nacional de Asuntos Ind\u00edgenas (<strong>INAI<\/strong>), que depende de la Casa Rosada, gener\u00f3 malestar en el Gobierno de Mendoza al reconocer la\u00a0<strong>&#8220;ocupaci\u00f3n actual, tradicional y p\u00fablica&#8221;<\/strong>\u00a0de comunidades que dicen ser\u00a0<strong>mapuches<\/strong>, sobre territorios de\u00a0<strong>San Rafael y Malarg\u00fce.<\/strong><\/p>\n\n\n\n<p>A partir de all\u00ed, se inici\u00f3 una\u00a0<strong>&#8220;resistencia&#8221; del gobernador Rodolfo Suarez<\/strong>, quien r\u00e1pidamente se opuso a esas resoluciones del INAI, interponiendo\u00a0<strong>recursos de reconsideraci\u00f3n,<\/strong>\u00a0por entender que &#8220;adolecen de severos defectos y afectan derechos de rango constitucional&#8221;.<\/p>\n\n\n\n<p>Posteriormente, &#8220;al&nbsp;<strong>no haber obtenido hasta la fecha adecuada respuesta<\/strong>&#8220;, el gobernador orden\u00f3 a Asesor\u00eda de Gobierno que inicie&nbsp;<strong>acciones legales para que las resoluciones del INAI sean anuladas<\/strong>&nbsp;o declaradas inconstitucionales. As\u00ed lo plante\u00f3 en un&nbsp;<strong>decreto publicado hoy<\/strong>.<\/p>\n\n\n\n<p>&#8220;Instr\u00fayase al Se\u00f1or Asesor de Gobierno y por su intermedio, a los abogados auxiliares de esa Asesor\u00eda para que en representaci\u00f3n de la Provincia y con la debida intervenci\u00f3n del Se\u00f1or Fiscal de Estado, inicie las acciones judiciales que pudieran corresponder, para obtener en sede judicial la revocaci\u00f3n y\/o anulaci\u00f3n y\/o declaraci\u00f3n de inconstitucionalidad de las Resoluciones del Instituto Nacional de Asuntos Ind\u00edgenas, publicadas en el Bolet\u00edn Oficial de la Rep\u00fablica Argentina, identificadas como RESOL-2023-36-APN-INAI#MJ, de fecha 19 de enero de 2023, publicada el d\u00eda 27 de enero de 2023; RESOL-2023-42-APN-INAI#MJ, de fecha 19 de enero de 2023, publicada el d\u00eda 27 de enero de 2023 y RESOL-2023-47-APN-INAI#MJ, de fecha 26 de enero de 2023 publicada el d\u00eda 03 de febrero de 2023, como as\u00ed tambi\u00e9n de las actuaciones que le sirven de antecedente, que resulten conexas o que hayan sido dictadas en su consecuencia&#8221;, orden\u00f3 el gobernador.<\/p>\n\n\n\n<p>Mientras tanto, semanas atr\u00e1s,&nbsp;<strong>el Gobierno nacional otorg\u00f3 personer\u00eda jur\u00eddica a las comunidades &#8220;mapuches&#8221;<\/strong>&nbsp;a las que el INAI les reconoci\u00f3 territorios en el sur de Mendoza. De todas formas, vale recordar que&nbsp;<strong>la Justicia Federal fren\u00f3 la entrega de tierras a algunas comunidades<\/strong>.<\/p>\n\n\n\n<p>Sin embargo, las resoluciones del INAI siguen siendo un argumento v\u00e1lidos para algunos interesados en reclamar terrenos y, por lo tanto, el gobernador quiere que directamente sean anuladas.<\/p>\n\n\n\n<p>FUENTE: Memo.com.ar<\/p>\n","protected":false},"excerpt":{"rendered":"<p>El gobernador orden\u00f3 al Asesor de Gobierno que inicie las acciones judiciales para que finalmente se anulen las resoluciones del Instituto Nacional de Asuntos Ind\u00edgenas. En enero de este a\u00f1o, el Instituto Nacional de Asuntos Ind\u00edgenas (INAI), que depende de la Casa Rosada, gener\u00f3 malestar en el Gobierno de Mendoza al reconocer la\u00a0&#8220;ocupaci\u00f3n actual, tradicional [&hellip;]<\/p>\n","protected":false},"author":2,"featured_media":1811,"comment_status":"open","ping_status":"open","sticky":true,"template":"","format":"standard","meta":[],"categories":[47],"tags":[],"_links":{"self":[{"href":"https:\/\/pasaenmendoza.com\/index.php?rest_route=\/wp\/v2\/posts\/1810"}],"collection":[{"href":"https:\/\/pasaenmendoza.com\/index.php?rest_route=\/wp\/v2\/posts"}],"about":[{"href":"https:\/\/pasaenmendoza.com\/index.php?rest_route=\/wp\/v2\/types\/post"}],"author":[{"embeddable":true,"href":"https:\/\/pasaenmendoza.com\/index.php?rest_route=\/wp\/v2\/users\/2"}],"replies":[{"embeddable":true,"href":"https:\/\/pasaenmendoza.com\/index.php?rest_route=%2Fwp%2Fv2%2Fcomments&post=1810"}],"version-history":[{"count":1,"href":"https:\/\/pasaenmendoza.com\/index.php?rest_route=\/wp\/v2\/posts\/1810\/revisions"}],"predecessor-version":[{"id":1812,"href":"https:\/\/pasaenmendoza.com\/index.php?rest_route=\/wp\/v2\/posts\/1810\/revisions\/1812"}],"wp:featuredmedia":[{"embeddable":true,"href":"https:\/\/pasaenmendoza.com\/index.php?rest_route=\/wp\/v2\/media\/1811"}],"wp:attachment":[{"href":"https:\/\/pasaenmendoza.com\/index.php?rest_route=%2Fwp%2Fv2%2Fmedia&parent=1810"}],"wp:term":[{"taxonomy":"category","embeddable":true,"href":"https:\/\/pasaenmendoza.com\/index.php?rest_route=%2Fwp%2Fv2%2Fcategories&post=1810"},{"taxonomy":"post_tag","embeddable":true,"href":"https:\/\/pasaenmendoza.com\/index.php?rest_route=%2Fwp%2Fv2%2Ftags&post=1810"}],"curies":[{"name":"wp","href":"https:\/\/api.w.org\/{rel}","templated":true}]}}