{"id":1813,"date":"2023-09-28T13:26:24","date_gmt":"2023-09-28T11:26:24","guid":{"rendered":"https:\/\/pasaenmendoza.com\/?p=1813"},"modified":"2023-09-28T13:26:25","modified_gmt":"2023-09-28T11:26:25","slug":"mercado-pago-frenaron-los-cambios-del-banco-central-y-anunciaron-una-baja-en-los-pagos-con-qr","status":"publish","type":"post","link":"https:\/\/pasaenmendoza.com\/?p=1813","title":{"rendered":"Mercado Pago: frenaron los cambios del Banco Central y anunciaron una baja en los pagos con QR"},"content":{"rendered":"\n<p>El ministro de Econom\u00eda\u00a0<strong>Sergio Massa\u00a0<\/strong>anunci\u00f3 este mi\u00e9rcoles la suspensi\u00f3n\u00a0la medida que apenas este martes hab\u00eda informado el Banco Central, la cual afectaba el ingreso de dinero a cuentas de billeteras virtuales, como\u00a0<strong>Mercado Pago<\/strong>, Ual\u00e1, y otras.<\/p>\n\n\n\n<p>Adem\u00e1s, Massa anticip\u00f3 que\u00a0<strong>se bonificar\u00e1n los cobros con c\u00f3digo QR de Mercado Pago y se reducir\u00e1n las comisiones para cobros con QR con tarjeta de cr\u00e9dito.<\/strong><\/p>\n\n\n\n<p>&#8220;Se conoci\u00f3 una decisi\u00f3n que afectaba a los usuarios de billeteras electr\u00f3nicas o virtuales&#8221;, escribi\u00f3 Massa este mi\u00e9rcoles en la red social X (ex Twitter).\u00a0<strong>&#8220;Quiero informarles que ped\u00ed la derogaci\u00f3n de esa norma&#8221;, anunci\u00f3 el candidato a presidente de Uni\u00f3n por la Patria.<\/strong><\/p>\n\n\n\n<p><strong>Luego agreg\u00f3: &#8220;Tambi\u00e9n ped\u00ed a las billeteras virtuales que bajen la comisi\u00f3n que cobran por retiro de dinero y a los comercios.\u00a0<\/strong>Queremos que los monederos digitales y la moneda digital sean parte fundamental de la econom\u00eda que viene&#8221;.<\/p>\n\n\n\n<h2 class=\"wp-block-heading\">Qu\u00e9 cambiar\u00e1 en Mercado Pago con el anuncio de Massa<\/h2>\n\n\n\n<p><strong>Seg\u00fan sostuvo el candidato a presidente, por un lado habr\u00e1 una bonificaci\u00f3n para cobros con QR de Mercado Pago.&nbsp;<\/strong>&#8220;Se bonifica el arancel para cobrar con QR usando dinero en cuenta de Mercado Pago para los nuevos comercios que se incorporen al sistema, para ventas de hasta $330.000 (1.000 UVAs) o los primeros tres meses, lo que ocurra primero&#8221;, anunci\u00f3.<\/p>\n\n\n\n<p><strong>Por otro lado, se reducir\u00e1n las comisiones para cobros con QR con tarjeta de cr\u00e9dito.<\/strong>\u00a0&#8220;Se reducen las comisiones que pagan los comercios PyME para cobros a trav\u00e9s de QR con tarjeta de cr\u00e9dito, pasando de 6,99% + IVA a 5,77% + IVA con acreditaci\u00f3n inmediata&#8221;, detall\u00f3.<\/p>\n\n\n\n<p><strong>Fuente: www.diariouno.com.ar<\/strong><\/p>\n","protected":false},"excerpt":{"rendered":"<p>El ministro de Econom\u00eda\u00a0Sergio Massa\u00a0anunci\u00f3 este mi\u00e9rcoles la suspensi\u00f3n\u00a0la medida que apenas este martes hab\u00eda informado el Banco Central, la cual afectaba el ingreso de dinero a cuentas de billeteras virtuales, como\u00a0Mercado Pago, Ual\u00e1, y otras. Adem\u00e1s, Massa anticip\u00f3 que\u00a0se bonificar\u00e1n los cobros con c\u00f3digo QR de Mercado Pago y se reducir\u00e1n las comisiones para [&hellip;]<\/p>\n","protected":false},"author":2,"featured_media":1814,"comment_status":"open","ping_status":"open","sticky":false,"template":"","format":"standard","meta":[],"categories":[49],"tags":[],"_links":{"self":[{"href":"https:\/\/pasaenmendoza.com\/index.php?rest_route=\/wp\/v2\/posts\/1813"}],"collection":[{"href":"https:\/\/pasaenmendoza.com\/index.php?rest_route=\/wp\/v2\/posts"}],"about":[{"href":"https:\/\/pasaenmendoza.com\/index.php?rest_route=\/wp\/v2\/types\/post"}],"author":[{"embeddable":true,"href":"https:\/\/pasaenmendoza.com\/index.php?rest_route=\/wp\/v2\/users\/2"}],"replies":[{"embeddable":true,"href":"https:\/\/pasaenmendoza.com\/index.php?rest_route=%2Fwp%2Fv2%2Fcomments&post=1813"}],"version-history":[{"count":1,"href":"https:\/\/pasaenmendoza.com\/index.php?rest_route=\/wp\/v2\/posts\/1813\/revisions"}],"predecessor-version":[{"id":1815,"href":"https:\/\/pasaenmendoza.com\/index.php?rest_route=\/wp\/v2\/posts\/1813\/revisions\/1815"}],"wp:featuredmedia":[{"embeddable":true,"href":"https:\/\/pasaenmendoza.com\/index.php?rest_route=\/wp\/v2\/media\/1814"}],"wp:attachment":[{"href":"https:\/\/pasaenmendoza.com\/index.php?rest_route=%2Fwp%2Fv2%2Fmedia&parent=1813"}],"wp:term":[{"taxonomy":"category","embeddable":true,"href":"https:\/\/pasaenmendoza.com\/index.php?rest_route=%2Fwp%2Fv2%2Fcategories&post=1813"},{"taxonomy":"post_tag","embeddable":true,"href":"https:\/\/pasaenmendoza.com\/index.php?rest_route=%2Fwp%2Fv2%2Ftags&post=1813"}],"curies":[{"name":"wp","href":"https:\/\/api.w.org\/{rel}","templated":true}]}}