{"id":1827,"date":"2023-09-28T14:10:49","date_gmt":"2023-09-28T12:10:49","guid":{"rendered":"https:\/\/pasaenmendoza.com\/?p=1827"},"modified":"2023-09-28T14:10:50","modified_gmt":"2023-09-28T12:10:50","slug":"jueves-primaveral-en-mendoza-con-20-de-maxima","status":"publish","type":"post","link":"https:\/\/pasaenmendoza.com\/?p=1827","title":{"rendered":"Jueves primaveral en Mendoza con 20\u00b0 de m\u00e1xima"},"content":{"rendered":"\n<p>Este jueves el tiempo estar\u00e1<strong>\u00a0c\u00e1lido y con cielo de algo a parcialemente nublado<\/strong>. Para el resto de la semana, se prev\u00e9 que la nubosidad vaya en aumento pero no hay pron\u00f3stico de precipitaciones.\u00a0<\/p>\n\n\n\n<p>Seg\u00fan las previsiones del\u00a0<strong>Servicio Meteorol\u00f3gico Nacional<\/strong>, en el Gran Mendoza la jornada ser\u00e1 soleada, con algunas nubes, y la\u00a0<strong>m\u00e1xima esperada es de 2o\u00b0<\/strong>.<\/p>\n\n\n\n<p>El viento corre levemente del\u00a0<strong>sector su &#8211; sureste<\/strong>\u00a0y la humedad se mantiene por encima del 50%.<\/p>\n\n\n\n<p><strong>Se estima un leve descenso de la temperatura\u00a0<\/strong>para ma\u00f1ana viernes, pero las m\u00e1ximas volver\u00e1n a subir hacia el fin de semana.<\/p>\n\n\n\n<p><strong>Fuente: www.mendozapost.com<\/strong><\/p>\n","protected":false},"excerpt":{"rendered":"<p>Este jueves el tiempo estar\u00e1\u00a0c\u00e1lido y con cielo de algo a parcialemente nublado. Para el resto de la semana, se prev\u00e9 que la nubosidad vaya en aumento pero no hay pron\u00f3stico de precipitaciones.\u00a0 Seg\u00fan las previsiones del\u00a0Servicio Meteorol\u00f3gico Nacional, en el Gran Mendoza la jornada ser\u00e1 soleada, con algunas nubes, y la\u00a0m\u00e1xima esperada es de [&hellip;]<\/p>\n","protected":false},"author":2,"featured_media":1828,"comment_status":"open","ping_status":"open","sticky":false,"template":"","format":"standard","meta":[],"categories":[52],"tags":[],"_links":{"self":[{"href":"https:\/\/pasaenmendoza.com\/index.php?rest_route=\/wp\/v2\/posts\/1827"}],"collection":[{"href":"https:\/\/pasaenmendoza.com\/index.php?rest_route=\/wp\/v2\/posts"}],"about":[{"href":"https:\/\/pasaenmendoza.com\/index.php?rest_route=\/wp\/v2\/types\/post"}],"author":[{"embeddable":true,"href":"https:\/\/pasaenmendoza.com\/index.php?rest_route=\/wp\/v2\/users\/2"}],"replies":[{"embeddable":true,"href":"https:\/\/pasaenmendoza.com\/index.php?rest_route=%2Fwp%2Fv2%2Fcomments&post=1827"}],"version-history":[{"count":1,"href":"https:\/\/pasaenmendoza.com\/index.php?rest_route=\/wp\/v2\/posts\/1827\/revisions"}],"predecessor-version":[{"id":1829,"href":"https:\/\/pasaenmendoza.com\/index.php?rest_route=\/wp\/v2\/posts\/1827\/revisions\/1829"}],"wp:featuredmedia":[{"embeddable":true,"href":"https:\/\/pasaenmendoza.com\/index.php?rest_route=\/wp\/v2\/media\/1828"}],"wp:attachment":[{"href":"https:\/\/pasaenmendoza.com\/index.php?rest_route=%2Fwp%2Fv2%2Fmedia&parent=1827"}],"wp:term":[{"taxonomy":"category","embeddable":true,"href":"https:\/\/pasaenmendoza.com\/index.php?rest_route=%2Fwp%2Fv2%2Fcategories&post=1827"},{"taxonomy":"post_tag","embeddable":true,"href":"https:\/\/pasaenmendoza.com\/index.php?rest_route=%2Fwp%2Fv2%2Ftags&post=1827"}],"curies":[{"name":"wp","href":"https:\/\/api.w.org\/{rel}","templated":true}]}}