{"id":1839,"date":"2023-09-29T12:48:18","date_gmt":"2023-09-29T10:48:18","guid":{"rendered":"https:\/\/pasaenmendoza.com\/?p=1839"},"modified":"2023-09-29T12:48:19","modified_gmt":"2023-09-29T10:48:19","slug":"hebe-casado-analizo-el-futuro-senado-si-tengo-que-tener-el-cuchillo-entre-los-dientes-lo-tendre","status":"publish","type":"post","link":"https:\/\/pasaenmendoza.com\/?p=1839","title":{"rendered":"Hebe Casado analiz\u00f3 el futuro Senado: &#8220;Si tengo que tener el cuchillo entre los dientes, lo tendr\u00e9&#8221;"},"content":{"rendered":"\n<p>La vicegobernadora electa Hebe Casado se ve con &#8220;capacidad&#8221; para lograr los consensos que el oficialismo necesitar\u00e1 en el Senado ante la falta de mayor\u00eda propia<\/p>\n\n\n\n<p>En la cancha se ven los pingos, dice el refr\u00e1n criollo que sin dudas se aplicar\u00e1 a la labor de\u00a0<strong>Hebe Casado en la Legislatura<\/strong>. La vicegobernadora electa tendr\u00e1 la tarea de\u00a0presidir un\u00a0<strong>Senado\u00a0<\/strong>en el que Cambia Mendoza no tendr\u00e1 mayor\u00eda propia, por lo que deber\u00e1 sacar a relucir su mu\u00f1eca pol\u00edtica para lograr acuerdos. &#8220;Me veo con esa capacidad&#8221;, dijo ella.<\/p>\n\n\n\n<p>Los resultados de las elecciones dejaron a Cambia Mendoza con 19 senadores,&nbsp;<strong>exactamente los mismos que tendr\u00e1 la oposici\u00f3n<\/strong>. De hecho, son pocos los votos que dejaron a La Uni\u00f3n Mendocina sin una banca m\u00e1s, lo que hubiese dejado al oficialismo en peores condiciones.<\/p>\n\n\n\n<p><strong>Su presencia podr\u00eda ser clave, dado que como presidenta del Senado, en caso de paridad de votos, definir\u00e1 con voto doble.<\/strong><\/p>\n\n\n\n<p>Para no llegar a ese punto,\u00a0<strong>CM podr\u00eda necesitar de su versi\u00f3n dialoguista<\/strong>: &#8220;Para alcanzar acuerdos puedo ser las dos, depende de qu\u00e9 tengamos que defender.\u00a0<strong>Si tengo que hacerlo con el cuchillo entre los dientes, tambi\u00e9n lo har\u00e9<\/strong>&#8220;, anticip\u00f3 en radio Nihuil.<\/p>\n\n\n\n<h2 class=\"wp-block-heading\">El nuevo Senado<\/h2>\n\n\n\n<p>&#8220;Hay que ver c\u00f3mo va decantando todo&#8221;, dijo&nbsp;<strong>Hebe Casado<\/strong>&nbsp;intentando no anticiparse demasiado a lo que viene.<\/p>\n\n\n\n<p>&#8220;<strong>Creo que La Uni\u00f3n Mendocina fue una alianza electoralista sin amalgamamiento<\/strong>. Hay que ver con qu\u00e9 expectativas e intenciones entran a la C\u00e1mara y a partir de entonces, intentar lograr acuerdos en los proyectos que tienen que ver con el bien de los mendocinos&#8221;, dijo sobre c\u00f3mo podr\u00eda desarrollarse el nuevo Senado.<\/p>\n\n\n\n<p>&#8220;<strong>Oponerse porque s\u00ed no tiene raz\u00f3n<\/strong>. Partir\u00e1 de la madurez de ellos, tratar de lograr los consensos tambi\u00e9n para quedar bien con los mendocinos que los han votado&#8221;, analiz\u00f3.<\/p>\n\n\n\n<p>Sobre su rol en particular, Hebe Casado afirm\u00f3 que&nbsp;<strong>en s\u00ed misma conviven la dialoguista y la del cuchillo entre los dientes<\/strong>&nbsp;y que seg\u00fan el proyecto del que se trate, veremos en acci\u00f3n a una o a otra.<\/p>\n\n\n\n<p>&#8220;Depende qu\u00e9 tengamos que defender, si tengo que hacerlo con el cuchillo entre los dientes, lo har\u00e9&#8221;, remarc\u00f3.<\/p>\n\n\n\n<h2 class=\"wp-block-heading\">La Legislatura mendocina, \u00bfejemplo en el pa\u00eds?<\/h2>\n\n\n\n<p>Para Casado, la Legislatura provincial es ejemplo de institucionalidad. &#8220;<strong>Fue la \u00fanica que no dej\u00f3 de sesionar durante la pandemia<\/strong>&nbsp;y, desde el 2015, cada legislador qued\u00f3 solo con un asesor.&nbsp;<strong>El presupuesto legislativo es solo del 0,7% del presupuesto provincial<\/strong>&#8220;, record\u00f3.<\/p>\n\n\n\n<p>&#8220;Mendoza es ejemplo&#8221;, dijo tambi\u00e9n cuando se le plante\u00f3 la situaci\u00f3n que atraviesa la de la Ciudad de Buenos Aires, con un puntero investigado por vaciar las tarjetas de los empleados legislativos.\u00a0<strong>&#8220;Si hay algo lo voy a buscar y lo voy a encontrar&#8221;<\/strong>, advirti\u00f3 de todas maneras.<\/p>\n\n\n\n<p>FUENTE: diariouno.com.ar<\/p>\n","protected":false},"excerpt":{"rendered":"<p>La vicegobernadora electa Hebe Casado se ve con &#8220;capacidad&#8221; para lograr los consensos que el oficialismo necesitar\u00e1 en el Senado ante la falta de mayor\u00eda propia En la cancha se ven los pingos, dice el refr\u00e1n criollo que sin dudas se aplicar\u00e1 a la labor de\u00a0Hebe Casado en la Legislatura. La vicegobernadora electa tendr\u00e1 la [&hellip;]<\/p>\n","protected":false},"author":2,"featured_media":1840,"comment_status":"open","ping_status":"open","sticky":true,"template":"","format":"standard","meta":[],"categories":[47],"tags":[],"_links":{"self":[{"href":"https:\/\/pasaenmendoza.com\/index.php?rest_route=\/wp\/v2\/posts\/1839"}],"collection":[{"href":"https:\/\/pasaenmendoza.com\/index.php?rest_route=\/wp\/v2\/posts"}],"about":[{"href":"https:\/\/pasaenmendoza.com\/index.php?rest_route=\/wp\/v2\/types\/post"}],"author":[{"embeddable":true,"href":"https:\/\/pasaenmendoza.com\/index.php?rest_route=\/wp\/v2\/users\/2"}],"replies":[{"embeddable":true,"href":"https:\/\/pasaenmendoza.com\/index.php?rest_route=%2Fwp%2Fv2%2Fcomments&post=1839"}],"version-history":[{"count":1,"href":"https:\/\/pasaenmendoza.com\/index.php?rest_route=\/wp\/v2\/posts\/1839\/revisions"}],"predecessor-version":[{"id":1841,"href":"https:\/\/pasaenmendoza.com\/index.php?rest_route=\/wp\/v2\/posts\/1839\/revisions\/1841"}],"wp:featuredmedia":[{"embeddable":true,"href":"https:\/\/pasaenmendoza.com\/index.php?rest_route=\/wp\/v2\/media\/1840"}],"wp:attachment":[{"href":"https:\/\/pasaenmendoza.com\/index.php?rest_route=%2Fwp%2Fv2%2Fmedia&parent=1839"}],"wp:term":[{"taxonomy":"category","embeddable":true,"href":"https:\/\/pasaenmendoza.com\/index.php?rest_route=%2Fwp%2Fv2%2Fcategories&post=1839"},{"taxonomy":"post_tag","embeddable":true,"href":"https:\/\/pasaenmendoza.com\/index.php?rest_route=%2Fwp%2Fv2%2Ftags&post=1839"}],"curies":[{"name":"wp","href":"https:\/\/api.w.org\/{rel}","templated":true}]}}