{"id":1842,"date":"2023-09-29T12:57:06","date_gmt":"2023-09-29T10:57:06","guid":{"rendered":"https:\/\/pasaenmendoza.com\/?p=1842"},"modified":"2023-09-29T12:57:08","modified_gmt":"2023-09-29T10:57:08","slug":"daniel-orozco-se-quedo-sin-el-pan-sin-la-torta-y-en-estado-de-shock","status":"publish","type":"post","link":"https:\/\/pasaenmendoza.com\/?p=1842","title":{"rendered":"Daniel Orozco se qued\u00f3 sin el pan, sin la torta, y en estado de shock"},"content":{"rendered":"\n<p>Desde que peg\u00f3 el portazo en Cambia Mendoza para irse con Omar De Marchi, la vida pol\u00edtica de Daniel Orozco, otrora apacible m\u00e9dico de pueblo, fue una calesita de problemas<\/p>\n\n\n\n<p><strong>El m\u00e9dico Daniel Orozco, intendente de Las Heras y &#8220;radical de toda la vida&#8221;,<\/strong>\u00a0era un promisorio personaje de la pol\u00edtica local\u00a0<strong>cuando, ardido de bronca,\u00a0decidi\u00f3<\/strong>\u00a0en mayo de este a\u00f1o\u00a0<strong>abandonar Cambia Mendoza\u00a0<\/strong>para seguir a Omar De Marchi. Hoy, hasta \u00e9l se debe estar preguntando si no la pifi\u00f3 en sobrevalorar\u00a0<strong>su pinet dirigencial.<\/strong><\/p>\n\n\n\n<p>\u00bfHabr\u00e1 reparado que&nbsp;<strong>el golpe que infringi\u00f3 a Alfredo Cornejo<\/strong>&nbsp;se le pod\u00eda volver en contra?. Quiz\u00e1s supuso que&nbsp;<strong>detr\u00e1s de \u00e9l iban a encolumnarse de manera natural<\/strong>&nbsp;todos los funcionarios y la mayor parte de los votantes lasherinos de Cambia Mendoza. Es evidente que no lleg\u00f3 a flautista de Hamelin con su poder de encantamiento.<\/p>\n\n\n\n<p><strong>El domingo pasado una mayor\u00eda de votantes le hizo saber que hab\u00eda metido la pata<\/strong>. Los lasherinos, en particular,&nbsp;<strong>dejaron fuera de juego al candidato a intendente de Orozco, Mart\u00edn Bustos<\/strong>; y los votantes del resto de la provincia&nbsp;<strong>no le aportaron a La Uni\u00f3n Mendocina&nbsp;<\/strong>(que lo ten\u00eda a Orozco como candidato a vicegobernador) los sufragios necesarios para&nbsp;<strong>ganarle a Cornejo<\/strong>. Todo fue p\u00e9rdida. Sin el pan y sin la torta.<\/p>\n\n\n\n<p>En su momento el propio<strong>\u00a0Orozco dijo que fue el radicalismo el que le solt\u00f3 la mano, el que lo trat\u00f3 mal e hizo que se sintiera excluido.<\/strong>\u00a0Asegur\u00f3 que nunca lo dejaron ser parte de la mesa chica de Cambia Mendoza que manejaban Cornejo y Rodolfo Suarez y<strong>\u00a0de la que participaban los jefes comunales de Guaymall\u00e9n, Godoy Cruz y Capital.<\/strong>\u00a0&#8220;A mi no me incorporaron&#8221;, se quej\u00f3 tras hacer rancho aparte con De Marchi, quien\u00a0<strong>s\u00ed<\/strong>\u00a0<strong>le ofreci\u00f3 el oro y el moro,\u00a0<\/strong>empezando por la candidatura a vicegobernador.<\/p>\n\n\n\n<p>Previamente, en febrero pasado, Orozco se hab\u00eda bajado de su precandidatura a gobernador por Cambia Mendoza&nbsp;<strong>para cuadrarse ante la postulaci\u00f3n de Alfredo Cornejo, de quien pretend\u00eda no s\u00f3lo ser su vicegobernador&nbsp;<\/strong>sino que la UCR le avalara que Janina Ortiz, su novia y hoy esposa, fuera su sucesora en la intendencia.<\/p>\n\n\n\n<p>Cuando Orozco negoci\u00f3 su pase al demarchismo, una de las prendas de cambio fue&nbsp;<strong>que Janina Ortiz fuera candidata a diputada provincial por La Uni\u00f3n Mendocina&nbsp;<\/strong>en un lugar entrable.&nbsp;<strong>A la postre, fue la \u00fanica que gan\u00f3: ya es legisladora electa.<\/strong><\/p>\n\n\n\n<h2 class=\"wp-block-heading\">El m\u00e1s perjudicado<\/h2>\n\n\n\n<p><strong>Desde que peg\u00f3 el portazo en Cambia Mendoza la vida pol\u00edtica del otrora apacible m\u00e9dico de pueblo fue una calesita de problemas.&nbsp;<\/strong>El municipio ardi\u00f3. El enojo de sus funcionarios m\u00e1s consustanciados con la UCR fue evidente. Los dubitativos que no se fueron de motu proprio fueron echados. Hubo pedidos de renuncias, gritos, desaf\u00edos, grabaciones clandestinas, violencia, cooperativas truchas que recib\u00edan dinero canuto del municipio<strong>&nbsp;y una serie de cosas raras que, al parecer, estaban tapiadas y que a ra\u00edz del temblor salieron a la luz.&nbsp;<\/strong>\u00bfEl municipio se volvi\u00f3 turbio de repente?<\/p>\n\n\n\n<p>Antes de que Orozco se eyectara de Cambia Mendoza, Cornejo hab\u00eda dicho que el lasherino era&nbsp;<strong>el intendente m\u00e1s exitoso que hab\u00eda tenido esa comuna desde el retorno a la democracia<\/strong>. A\u00fan se debe estar lamentando de la frase.<\/p>\n\n\n\n<p>El domingo pasado el lujanino&nbsp;<strong>Omar De Marchi<\/strong>, l\u00edder de La Uni\u00f3n Mendocina,&nbsp;<strong>perdi\u00f3 la carrera a gobernador<\/strong>&nbsp;por 10 puntos ante Cornejo. El m\u00e1s perjudicado por ese resultado fue sin duda Orozco. Al modesto reino que \u00e9ste hab\u00eda armado desde 2015 en representaci\u00f3n de la UCR se lo llev\u00f3 el viento.&nbsp;<strong>En cambio De Marchi consolid\u00f3 su proyecci\u00f3n en la Legislatura<\/strong>: con su 29,50% de los votos,&nbsp;<strong>instaur\u00f3 a La Uni\u00f3n Mendocina como el segundo partido<\/strong>&nbsp;de la provincia, en tanto que \u00e9l&nbsp;<strong>qued\u00f3 como el principal referente de la oposici\u00f3n.<\/strong><\/p>\n\n\n\n<p><strong>Incentivado y apalancado por dirigentes como V\u00edctor Fayad y Julio Cobos<\/strong>, Orozco logr\u00f3 en diciembre de 2015 derrotar al peronismo de Carlos Ciurca, haza\u00f1a que repiti\u00f3 en 2019. El m\u00e9dico se fue convenciendo de a poco que\u00a0<strong>hacer pol\u00edtica pod\u00eda ser m\u00e1s apasionante de lo que \u00e9l cre\u00eda y que tener poder de decidir era algo adictivo<\/strong>.<\/p>\n\n\n\n<h2 class=\"wp-block-heading\">Serie de dos temporadas<\/h2>\n\n\n\n<p>Su primera gesti\u00f3n lo mostr\u00f3 como un intendente ubicuo, campechano, abrazador de viejos y de ni\u00f1os,&nbsp;<strong>empe\u00f1ado en ordenar el departamento y en demostrar que el radicalismo sab\u00eda gobernar y que Las Heras ya no era la capital provincial del peronismo.<\/strong><\/p>\n\n\n\n<p>Pero hacia el final del primer mandato,&nbsp;<strong>cuando ya se hab\u00eda familiarizado con lo bueno y lo malo de la pol\u00edtica<\/strong>, Orozco empez\u00f3 a actuar de otra manera. Se le abri\u00f3 un mundo porque las encuestas lo favorec\u00edan ampliamente para una segunda gesti\u00f3n. Se convenci\u00f3 de que&nbsp;<strong>esa reelecci\u00f3n municipal deb\u00eda ser el inicio de la carrera para la gobernaci\u00f3n<\/strong>. No era, sin embargo, algo que convenciera ni a Cornejo ni a Suarez.<\/p>\n\n\n\n<p><strong>Los vapores del poder lo envanecieron<\/strong>. Este m\u00e9dico cl\u00ednico especializado en gerontolog\u00eda comenz\u00f3 a creer que \u00e9l era m\u00e1s avispado de lo que muchos opinaban.&nbsp;<strong>Hizo de las reuniones masivas y de los festejos un modus operandi.<\/strong>&nbsp;El enorme \u00e1mbito del estadio Polimeni fue una extensi\u00f3n de la sede municipal. All\u00ed se dej\u00f3 arropar por los abrazos de quienes lo vivaban.<\/p>\n\n\n\n<p>A medida que avanzaba su segundo mandato -que gan\u00f3 con amplitud-<strong>\u00a0comenzaron a trascender versiones que ya no hablaban de aquel bonach\u00f3n m\u00e9dico<\/strong>\u00a0que jugaba a las bochas con los jubilados y que hab\u00eda propiciado campa\u00f1as para que los lasherinos recuperaran el amor propio.\u00a0<strong>Hablaban de un hombre que hab\u00eda adquirido una desatada audacia.<\/strong><\/p>\n\n\n\n<p>A pesar de que en 2022 en la UCR intentaron frenar las tempranas precandidaturas a gobernador para no opacar la gesti\u00f3n de Rodolfo Suarez,&nbsp;<strong>el intendente Orozco se desmarc\u00f3 y lanz\u00f3 al ruedo la suya<\/strong>. Y aclar\u00f3 que solamente la bajar\u00eda si Cornejo -a\u00fan indeciso- optaba por volver a postularse para el Barrio C\u00edvico.<\/p>\n\n\n\n<p>Al auge festivo del Polimeni se agregaron otros sitios como el sal\u00f3n de fiestas Palatium,&nbsp;<strong>donde Orozo se prodig\u00f3 en cenas y saraos en los que presentaba su proyecto<\/strong>&nbsp;a organizaciones vecinales, entes empresariales, docentes y ante quien pasara por ah\u00ed. Siempre acompa\u00f1ado de Janina Ortiz, que adquiri\u00f3 un poder desusado en la comuna. A Orozco s\u00f3lo le falt\u00f3 decir: Ortiz soy yo.<\/p>\n\n\n\n<p>Fue la \u00e9poca en que incluso tuvo su propio Dur\u00e1n Barba,&nbsp;<strong>un supuesto experto en imagen pol\u00edtica, mexicano, cuyo nombre ya generaba sospechas: Galo Lim\u00f3n.<\/strong>&nbsp;Este se\u00f1or con resonancias c\u00edtricas lo alent\u00f3 a Orozco para que reuniera en un libro su ideario pol\u00edtico, texto que fue presentado en uno de los cines del Tadicor lasherino, que estuvo repleto de funcionarios radicales. En esa ocasi\u00f3n fue que Cornejo catalog\u00f3 a Orozco como el intendente &#8220;m\u00e1s exitoso&#8221; que ha tenido Las Heras.<\/p>\n\n\n\n<p>Todas esas efusiones han decantado. Todas las audacias se han sofrenado. Los actos del Polimeni se han acallado. Palatium debe extra\u00f1arlo. Orozco, a quien todav\u00eda le quedan dos meses y medio de gobierno municipal, se recupera del estado de shock.<\/p>\n\n\n\n<p><strong>Por lo pronto se ha tomado una licencia en el municipio, junto a su mujer, tambi\u00e9n funcionaria.<\/strong>\u00a0El domingo pasado, tras el conteo de los votos,\u00a0<strong>Orozco ni apareci\u00f3 en el acto de La Uni\u00f3n Mendocina<\/strong>\u00a0donde los demarchistas celebraron el segundo puesto y el haber quedado como el principal partido opositor. En el recoleto entorno privado del intendente elaboran el duelo.<\/p>\n\n\n\n<p>FUENTE: diariouno.com.ar<\/p>\n","protected":false},"excerpt":{"rendered":"<p>Desde que peg\u00f3 el portazo en Cambia Mendoza para irse con Omar De Marchi, la vida pol\u00edtica de Daniel Orozco, otrora apacible m\u00e9dico de pueblo, fue una calesita de problemas El m\u00e9dico Daniel Orozco, intendente de Las Heras y &#8220;radical de toda la vida&#8221;,\u00a0era un promisorio personaje de la pol\u00edtica local\u00a0cuando, ardido de bronca,\u00a0decidi\u00f3\u00a0en mayo [&hellip;]<\/p>\n","protected":false},"author":2,"featured_media":1843,"comment_status":"open","ping_status":"open","sticky":true,"template":"","format":"standard","meta":[],"categories":[47],"tags":[],"_links":{"self":[{"href":"https:\/\/pasaenmendoza.com\/index.php?rest_route=\/wp\/v2\/posts\/1842"}],"collection":[{"href":"https:\/\/pasaenmendoza.com\/index.php?rest_route=\/wp\/v2\/posts"}],"about":[{"href":"https:\/\/pasaenmendoza.com\/index.php?rest_route=\/wp\/v2\/types\/post"}],"author":[{"embeddable":true,"href":"https:\/\/pasaenmendoza.com\/index.php?rest_route=\/wp\/v2\/users\/2"}],"replies":[{"embeddable":true,"href":"https:\/\/pasaenmendoza.com\/index.php?rest_route=%2Fwp%2Fv2%2Fcomments&post=1842"}],"version-history":[{"count":1,"href":"https:\/\/pasaenmendoza.com\/index.php?rest_route=\/wp\/v2\/posts\/1842\/revisions"}],"predecessor-version":[{"id":1844,"href":"https:\/\/pasaenmendoza.com\/index.php?rest_route=\/wp\/v2\/posts\/1842\/revisions\/1844"}],"wp:featuredmedia":[{"embeddable":true,"href":"https:\/\/pasaenmendoza.com\/index.php?rest_route=\/wp\/v2\/media\/1843"}],"wp:attachment":[{"href":"https:\/\/pasaenmendoza.com\/index.php?rest_route=%2Fwp%2Fv2%2Fmedia&parent=1842"}],"wp:term":[{"taxonomy":"category","embeddable":true,"href":"https:\/\/pasaenmendoza.com\/index.php?rest_route=%2Fwp%2Fv2%2Fcategories&post=1842"},{"taxonomy":"post_tag","embeddable":true,"href":"https:\/\/pasaenmendoza.com\/index.php?rest_route=%2Fwp%2Fv2%2Ftags&post=1842"}],"curies":[{"name":"wp","href":"https:\/\/api.w.org\/{rel}","templated":true}]}}