{"id":1845,"date":"2023-09-29T13:02:06","date_gmt":"2023-09-29T11:02:06","guid":{"rendered":"https:\/\/pasaenmendoza.com\/?p=1845"},"modified":"2023-09-29T13:02:07","modified_gmt":"2023-09-29T11:02:07","slug":"cornejo-durisimo-contra-cfk-deberia-poner-la-cara","status":"publish","type":"post","link":"https:\/\/pasaenmendoza.com\/?p=1845","title":{"rendered":"Cornejo, dur\u00edsimo contra CFK: &#8220;Deber\u00eda poner la cara&#8221;"},"content":{"rendered":"\n<p>La tensi\u00f3n entre oficialismo y oposici\u00f3n atraves\u00f3 gran parte de la sesi\u00f3n de este jueves en el Senado. Uno de esos momentos se produjo cuando tom\u00f3 la palabra el senador de JxC,\u00a0<strong>Alfredo Cornejo<\/strong>. El gobernador electo de Mendoza dio un\u00a0encendido discurso durante el debate del pliego de\u00a0<strong>Ana Mar\u00eda Figueroa<\/strong>,\u00a0contra la vicepresidenta\u00a0<strong>Cristina Fern\u00e1ndez de Kirchner<\/strong>.<\/p>\n\n\n\n<p>&#8220;Me gustar\u00eda que Cristina estuviera para dec\u00edrselo en la cara. Deber\u00eda poner la cara y estar aqu\u00ed, ella ha forzado esta situaci\u00f3n vergonzosa de someter a este cuerpo a una cosa abstracta, a una pelea in\u00fatil. Cristina, ten\u00e9s que estar aqu\u00ed&#8221;, espet\u00f3 el gobernador electo de Mendoza, ya que la ex presidenta estuvo para el inicio de la sesi\u00f3n e inmediatamente se retir\u00f3.<\/p>\n\n\n\n<p>En ese momento, los senadores del Frente de Todos comenzaron a gritar para salirle al cruce, ante lo cual Carolina Losada, quien estaba presidiendo la sesi\u00f3n en ese momento, intercedi\u00f3: &#8220;Silencio, por favor. No estamos en una cancha de f\u00fatbol, es el Senado de la Naci\u00f3n&#8221;.<\/p>\n\n\n\n<p>&#8220;Tiene que responder esa pregunta. \u00bfPor qu\u00e9 somete a las instituciones y a esta en particular a esta discusi\u00f3n absurda? Los argumentos que se escuchan para rebatir esto dan la idea de que no tienen ninguna intenci\u00f3n de que nos entendamos. El fallo (Leopoldo) Schiffrin fue categ\u00f3rico, lo explic\u00f3 perfectamente y la jueza Ana Mar\u00eda Figueroa nunca lo cuestion\u00f3. El fallo dijo que con 75 a\u00f1os, si no tiene aprobaci\u00f3n, a casa y jubilada. No lo dijo la Corte, lo dijo el fallo de un juez interpretando estos casos perfectamente e interpretando la cl\u00e1usula constitucional y las facultades del Senado&#8221;.<\/p>\n\n\n\n<p>&#8220;Dejen de argumentar cosas que no tienen sentido. O no estudian o tienen mala fe. Como con Maldonado, siguien diciendo que lo mat\u00f3 la Gendarmer\u00eda y 53 peritos dijieron que se ahog\u00f3&#8221;, manifest\u00f3 el gobernador electo.<\/p>\n\n\n\n<p>&#8220;\u00bfPor que ustedes apoyan a Cristina en esta salvajada? \u00bfNo les hace ruido en la cabeza estar dando una pelea por una mujer que tiene 75 a\u00f1os y que deber\u00eda estar jubilada?&#8221;, agreg\u00f3. &#8220;Y m\u00e1s a\u00fan cuando est\u00e1n perdiendo las elecciones en todas las provincias con porcentajes muy bajos. As\u00ed todo, ni siquiera los hace reflexionar&#8221;.<\/p>\n\n\n\n<p>Finalmente el bloque oficialista del Senado aprob\u00f3 el pliego para la continuidad en su cargo de la jueza de Casaci\u00f3n Ana Mar\u00eda Figueroa pese a haber cumplido los 75 a\u00f1os, luego de que la votaci\u00f3n finalizara en 35 a favor y 35 en contra, ante lo cual la senadora del Frente de Todos, Claudia Ledesma Abdala, quien estaba presidiendo la sesi\u00f3n, desempat\u00f3 a favor de la permanencia de la magistrada por cinco a\u00f1os m\u00e1s.<\/p>\n\n\n\n<p>FUENTE: mendozapost.<\/p>\n","protected":false},"excerpt":{"rendered":"<p>La tensi\u00f3n entre oficialismo y oposici\u00f3n atraves\u00f3 gran parte de la sesi\u00f3n de este jueves en el Senado. Uno de esos momentos se produjo cuando tom\u00f3 la palabra el senador de JxC,\u00a0Alfredo Cornejo. El gobernador electo de Mendoza dio un\u00a0encendido discurso durante el debate del pliego de\u00a0Ana Mar\u00eda Figueroa,\u00a0contra la vicepresidenta\u00a0Cristina Fern\u00e1ndez de Kirchner. &#8220;Me [&hellip;]<\/p>\n","protected":false},"author":2,"featured_media":1846,"comment_status":"open","ping_status":"open","sticky":true,"template":"","format":"standard","meta":[],"categories":[47],"tags":[],"_links":{"self":[{"href":"https:\/\/pasaenmendoza.com\/index.php?rest_route=\/wp\/v2\/posts\/1845"}],"collection":[{"href":"https:\/\/pasaenmendoza.com\/index.php?rest_route=\/wp\/v2\/posts"}],"about":[{"href":"https:\/\/pasaenmendoza.com\/index.php?rest_route=\/wp\/v2\/types\/post"}],"author":[{"embeddable":true,"href":"https:\/\/pasaenmendoza.com\/index.php?rest_route=\/wp\/v2\/users\/2"}],"replies":[{"embeddable":true,"href":"https:\/\/pasaenmendoza.com\/index.php?rest_route=%2Fwp%2Fv2%2Fcomments&post=1845"}],"version-history":[{"count":1,"href":"https:\/\/pasaenmendoza.com\/index.php?rest_route=\/wp\/v2\/posts\/1845\/revisions"}],"predecessor-version":[{"id":1847,"href":"https:\/\/pasaenmendoza.com\/index.php?rest_route=\/wp\/v2\/posts\/1845\/revisions\/1847"}],"wp:featuredmedia":[{"embeddable":true,"href":"https:\/\/pasaenmendoza.com\/index.php?rest_route=\/wp\/v2\/media\/1846"}],"wp:attachment":[{"href":"https:\/\/pasaenmendoza.com\/index.php?rest_route=%2Fwp%2Fv2%2Fmedia&parent=1845"}],"wp:term":[{"taxonomy":"category","embeddable":true,"href":"https:\/\/pasaenmendoza.com\/index.php?rest_route=%2Fwp%2Fv2%2Fcategories&post=1845"},{"taxonomy":"post_tag","embeddable":true,"href":"https:\/\/pasaenmendoza.com\/index.php?rest_route=%2Fwp%2Fv2%2Ftags&post=1845"}],"curies":[{"name":"wp","href":"https:\/\/api.w.org\/{rel}","templated":true}]}}