{"id":1848,"date":"2023-09-29T13:07:52","date_gmt":"2023-09-29T11:07:52","guid":{"rendered":"https:\/\/pasaenmendoza.com\/?p=1848"},"modified":"2023-09-29T13:07:53","modified_gmt":"2023-09-29T11:07:53","slug":"elecciones-en-mendoza-rechazaron-un-pedido-de-la-union-mendocina-y-comenzo-el-escrutinio-definitivo","status":"publish","type":"post","link":"https:\/\/pasaenmendoza.com\/?p=1848","title":{"rendered":"Elecciones en Mendoza: rechazaron un pedido de La Uni\u00f3n Mendocina y comenz\u00f3 el escrutinio definitivo."},"content":{"rendered":"\n<p>La fuerza liderada por Omar de Marchi solicit\u00f3 la suspensi\u00f3n del acto, por presuntas irregularidades en el traslado y custodia de las urnas. La Junta Electoral lo deneg\u00f3 por unanimidad.<\/p>\n\n\n\n<p>La&nbsp;<strong>Junta Electoral&nbsp;<\/strong>desestim\u00f3 el pedido que realiz\u00f3&nbsp;<strong>La Uni\u00f3n Mendocina&nbsp;<\/strong>(LAUM) para suspender el escrutinio definitivo debido a supuestas irregularidades \u201cen los protocolos de la trazabilidad de las urnas\u201d.<\/p>\n\n\n\n<p>En este sentido, desde el \u00f3rgano que conduce el presiden de la Suprema Corte,\u00a0<strong>Dalmiro Garay<\/strong>, rechazaron por unanimidad el pedido debido a\u00a0<em>\u201cla inexistencia de problemas en la entrega y custodia de las urnas\u201d<\/em>\u00a0y aseguraron que\u00a0<em>\u201cfueron debidamente recibidas\u201d<\/em>\u00a0por el organismo,\u00a0<em>\u201cen tiempo y forma\u201d.<\/em><\/p>\n\n\n\n<p>Por otra parte, este jueves por la tarde comenz\u00f3 el escrutinio definitivo de las elecciones provinciales que se llevaron adelante el 24 de septiembre pasado.<\/p>\n\n\n\n<p>El acto se desarrolla en la sede de la Junta Electoral (San Martin y Maip\u00fa, de Godoy Cruz) y continuar\u00e1 el viernes, s\u00e1bado y lunes pr\u00f3ximo, en doble turno, comenzando a las 8.30.<\/p>\n\n\n\n<p>Sin embargo, fuentes oficiales admitieron la posibilidad de que el recuento \u201ccontin\u00fae algunos d\u00edas de la semana pr\u00f3xima, hasta que finalice\u201d. En tal sentido, e calcula que podr\u00eda extenderse hasta el viernes 6 de octubre.<\/p>\n\n\n\n<p>FUENTE: elsol.com.ar<\/p>\n","protected":false},"excerpt":{"rendered":"<p>La fuerza liderada por Omar de Marchi solicit\u00f3 la suspensi\u00f3n del acto, por presuntas irregularidades en el traslado y custodia de las urnas. La Junta Electoral lo deneg\u00f3 por unanimidad. La&nbsp;Junta Electoral&nbsp;desestim\u00f3 el pedido que realiz\u00f3&nbsp;La Uni\u00f3n Mendocina&nbsp;(LAUM) para suspender el escrutinio definitivo debido a supuestas irregularidades \u201cen los protocolos de la trazabilidad de las [&hellip;]<\/p>\n","protected":false},"author":2,"featured_media":1849,"comment_status":"open","ping_status":"open","sticky":true,"template":"","format":"standard","meta":[],"categories":[47],"tags":[],"_links":{"self":[{"href":"https:\/\/pasaenmendoza.com\/index.php?rest_route=\/wp\/v2\/posts\/1848"}],"collection":[{"href":"https:\/\/pasaenmendoza.com\/index.php?rest_route=\/wp\/v2\/posts"}],"about":[{"href":"https:\/\/pasaenmendoza.com\/index.php?rest_route=\/wp\/v2\/types\/post"}],"author":[{"embeddable":true,"href":"https:\/\/pasaenmendoza.com\/index.php?rest_route=\/wp\/v2\/users\/2"}],"replies":[{"embeddable":true,"href":"https:\/\/pasaenmendoza.com\/index.php?rest_route=%2Fwp%2Fv2%2Fcomments&post=1848"}],"version-history":[{"count":1,"href":"https:\/\/pasaenmendoza.com\/index.php?rest_route=\/wp\/v2\/posts\/1848\/revisions"}],"predecessor-version":[{"id":1850,"href":"https:\/\/pasaenmendoza.com\/index.php?rest_route=\/wp\/v2\/posts\/1848\/revisions\/1850"}],"wp:featuredmedia":[{"embeddable":true,"href":"https:\/\/pasaenmendoza.com\/index.php?rest_route=\/wp\/v2\/media\/1849"}],"wp:attachment":[{"href":"https:\/\/pasaenmendoza.com\/index.php?rest_route=%2Fwp%2Fv2%2Fmedia&parent=1848"}],"wp:term":[{"taxonomy":"category","embeddable":true,"href":"https:\/\/pasaenmendoza.com\/index.php?rest_route=%2Fwp%2Fv2%2Fcategories&post=1848"},{"taxonomy":"post_tag","embeddable":true,"href":"https:\/\/pasaenmendoza.com\/index.php?rest_route=%2Fwp%2Fv2%2Ftags&post=1848"}],"curies":[{"name":"wp","href":"https:\/\/api.w.org\/{rel}","templated":true}]}}