{"id":1858,"date":"2023-09-29T13:59:17","date_gmt":"2023-09-29T11:59:17","guid":{"rendered":"https:\/\/pasaenmendoza.com\/?p=1858"},"modified":"2023-09-29T13:59:17","modified_gmt":"2023-09-29T11:59:17","slug":"en-mendoza-7-000-deudores-de-creditos-uva-piden-que-las-cuotas-se-calculen-con-el-indice-casa-propia","status":"publish","type":"post","link":"https:\/\/pasaenmendoza.com\/?p=1858","title":{"rendered":"En Mendoza, 7.000 deudores de cr\u00e9ditos UVA piden que las cuotas se calculen con el \u00edndice Casa Propia"},"content":{"rendered":"\n<p>El 6 de julio pasado, la<strong>\u00a0C\u00e1mara de Diputados de la Naci\u00f3n<\/strong>\u00a0<strong>aprob\u00f3 el proyecto<\/strong>\u00a0por el cual se<strong>\u00a0modificaban las condiciones para los deudores de cr\u00e9ditos hipotecarios en UVA<\/strong>, ya que en la actualidad hay al menos 90.000 argentinos en problemas para pagar las cuotas de los cr\u00e9ditos ajustados a la inflaci\u00f3n.<\/p>\n\n\n\n<p>Pero, \u00bfse discutir\u00e1 finalmente el postergado tema de los&nbsp;<strong>cr\u00e9ditos UVA<\/strong>&nbsp;en el Senado?&nbsp;<strong>Todo indica que por ahora no<\/strong>, a pesar de que el proyecto para modificar el sistema&nbsp;<strong>cuenta con dictamen favorable de comisiones<\/strong>&nbsp;y se especulaba con un posible debate este jueves.<\/p>\n\n\n\n<p><strong>Si bien la iniciativa puede paliar&nbsp;<\/strong>la grave&nbsp;<strong>situaci\u00f3n de las familias<\/strong>&nbsp;tomadoras de cr\u00e9ditos en UVA,<strong>&nbsp;hay un aspecto<\/strong>&nbsp;que los afectados no han conseguido a\u00fan que se tenga en cuenta:<strong>&nbsp;que el nuevo \u00edndice para calcular la cuota se base en la f\u00f3rmula Casa Propia<\/strong>, que es la que utiliza el plan Procrear.<\/p>\n\n\n\n<p>As\u00ed lo explic\u00f3\u00a0<strong>Nicol\u00e1s Bistu\u00e9<\/strong>, un mendocino que es parte del Colectivo Nacional de Hipotecados. En Mendoza,\u00a0<strong>son 7.000 familias las afectadas<\/strong>, que podr\u00edan perder sus viviendas si no se aprueba esta ley.<\/p>\n\n\n\n<h2 class=\"wp-block-heading\">Qu\u00e9 es y c\u00f3mo se calcula el \u00edndice Casa Propia<\/h2>\n\n\n\n<p>El \u00edndice<strong>&nbsp;Casa Propia<\/strong>&nbsp;se calcula en base a dos variables:<strong>&nbsp;inflaci\u00f3n y CVS.<\/strong>&nbsp;Cada mes&nbsp;<strong>se aplica el que sea menor para el pagador.<\/strong><\/p>\n\n\n\n<p>Adem\u00e1s,<strong>&nbsp;no toma&nbsp;<\/strong>el \u00edndice&nbsp;<strong>inflacionario&nbsp;<\/strong>y el<strong>&nbsp;CVS<\/strong>&nbsp;del&nbsp;<strong>\u00faltimo mes<\/strong>,&nbsp;<strong>sino que calcula un promedio de 12 meses.&nbsp;<\/strong>Los deudores acordaron pedir que se utilice este c\u00e1lculo porque, como se dijo anteriormente, ya est\u00e1 probado y s\u00ed funciona.<\/p>\n\n\n\n<p>Y lo que los deudores subrayan es que&nbsp;<strong>el \u00edndice Casa Propia es el \u00fanico que les da una soluci\u00f3n definitiva<\/strong>&nbsp;y sustentable a 30 a\u00f1os.<\/p>\n\n\n\n<h2 class=\"wp-block-heading\">Los cambios en el Senado<\/h2>\n\n\n\n<p>Por un lado, Bistu\u00e9 manifest\u00f3 que en lo que s\u00ed est\u00e1n de acuerdo los deudores respecto al&nbsp;<strong>despacho de comisiones del Senado<\/strong>&nbsp;es que en el proyecto que avanz\u00f3 se tiene en cuenta la&nbsp;<strong>retroactividad<\/strong>&nbsp;del cambio<strong>&nbsp;a agosto del 2019.<\/strong>&nbsp;Con esto, se modifica el capital de la deuda, que debido a las tasas de inflaci\u00f3n ha crecido de forma descomunal.<\/p>\n\n\n\n<p>El<strong>\u00a0proyecto de Diputados<\/strong>\u00a0contemplaba la\u00a0<strong>retroactividad\u00a0<\/strong>solo desde\u00a0<strong>enero del 2023.<\/strong><\/p>\n\n\n\n<p>Pero en el despacho tambi\u00e9n&nbsp;<strong>se ha propuesto que la cuota se calcule por el Coeficiente de Variaci\u00f3n Salarial (CVS)<\/strong>. Esto significa que la cuota var\u00eda seg\u00fan se incrementen los salarios.<\/p>\n\n\n\n<p>El punto es que los deudores<strong>&nbsp;no quieren que se utilice este \u00edndice<\/strong>, porque actualmente, el CVS est\u00e1 muy atrasado con respecto a la inflaci\u00f3n, pero en cuanto se actualice,&nbsp;<strong>el incremento de la cuota va a ser muy alto<\/strong>.<\/p>\n\n\n\n<p>En definitiva, las familias deudoras aseguraron que&nbsp;<strong>calcular la cuota por medio del CVS va a terminar siendo una soluci\u00f3n moment\u00e1nea y despu\u00e9s puede pasar a ser un nuevo problema<\/strong>.<\/p>\n\n\n\n<p>Por otra parte,\u00a0<strong>piden que la cuota no supere el 25% de los ingresos\u00a0<\/strong>y no el 30% como se ha propuesto en el proyecto. Proponen que este porcentaje se calcule en base al ingreso del deudor principal, que es el que soporta el pago de la cuota.<\/p>\n\n\n\n<p><strong>Fuente: www.diariouno.com.ar<\/strong><\/p>\n","protected":false},"excerpt":{"rendered":"<p>El 6 de julio pasado, la\u00a0C\u00e1mara de Diputados de la Naci\u00f3n\u00a0aprob\u00f3 el proyecto\u00a0por el cual se\u00a0modificaban las condiciones para los deudores de cr\u00e9ditos hipotecarios en UVA, ya que en la actualidad hay al menos 90.000 argentinos en problemas para pagar las cuotas de los cr\u00e9ditos ajustados a la inflaci\u00f3n. Pero, \u00bfse discutir\u00e1 finalmente el postergado [&hellip;]<\/p>\n","protected":false},"author":2,"featured_media":1859,"comment_status":"open","ping_status":"open","sticky":false,"template":"","format":"standard","meta":[],"categories":[68],"tags":[],"_links":{"self":[{"href":"https:\/\/pasaenmendoza.com\/index.php?rest_route=\/wp\/v2\/posts\/1858"}],"collection":[{"href":"https:\/\/pasaenmendoza.com\/index.php?rest_route=\/wp\/v2\/posts"}],"about":[{"href":"https:\/\/pasaenmendoza.com\/index.php?rest_route=\/wp\/v2\/types\/post"}],"author":[{"embeddable":true,"href":"https:\/\/pasaenmendoza.com\/index.php?rest_route=\/wp\/v2\/users\/2"}],"replies":[{"embeddable":true,"href":"https:\/\/pasaenmendoza.com\/index.php?rest_route=%2Fwp%2Fv2%2Fcomments&post=1858"}],"version-history":[{"count":1,"href":"https:\/\/pasaenmendoza.com\/index.php?rest_route=\/wp\/v2\/posts\/1858\/revisions"}],"predecessor-version":[{"id":1860,"href":"https:\/\/pasaenmendoza.com\/index.php?rest_route=\/wp\/v2\/posts\/1858\/revisions\/1860"}],"wp:featuredmedia":[{"embeddable":true,"href":"https:\/\/pasaenmendoza.com\/index.php?rest_route=\/wp\/v2\/media\/1859"}],"wp:attachment":[{"href":"https:\/\/pasaenmendoza.com\/index.php?rest_route=%2Fwp%2Fv2%2Fmedia&parent=1858"}],"wp:term":[{"taxonomy":"category","embeddable":true,"href":"https:\/\/pasaenmendoza.com\/index.php?rest_route=%2Fwp%2Fv2%2Fcategories&post=1858"},{"taxonomy":"post_tag","embeddable":true,"href":"https:\/\/pasaenmendoza.com\/index.php?rest_route=%2Fwp%2Fv2%2Ftags&post=1858"}],"curies":[{"name":"wp","href":"https:\/\/api.w.org\/{rel}","templated":true}]}}