{"id":1861,"date":"2023-09-29T14:10:19","date_gmt":"2023-09-29T12:10:19","guid":{"rendered":"https:\/\/pasaenmendoza.com\/?p=1861"},"modified":"2023-09-29T14:10:20","modified_gmt":"2023-09-29T12:10:20","slug":"reduccion-de-la-jornada-laboral-cuantas-horas-habra-que-trabajar-por-semana-si-se-aprueba-la-ley","status":"publish","type":"post","link":"https:\/\/pasaenmendoza.com\/?p=1861","title":{"rendered":"Reducci\u00f3n de la jornada laboral: cu\u00e1ntas horas habr\u00e1 que trabajar por semana si se aprueba la ley"},"content":{"rendered":"\n<p id=\"titulo_cable\">La Comisi\u00f3n de Legislaci\u00f3n del Trabajo de la&nbsp;<strong>C\u00e1mara de Diputados<\/strong>&nbsp;debatir\u00e1 este martes un conjunto de proyectos de legisladores de diferentes bancadas, que plantean la&nbsp;<mark>reducci\u00f3n de la jornada laboral<\/mark>.<\/p>\n\n\n\n<p>Durante la reuni\u00f3n de la comisi\u00f3n, que preside la diputada&nbsp;<strong>Vanesa Siley<\/strong>&nbsp;(Frente de Todos), prevista para las 13, se analizar\u00e1n&nbsp;<mark>siete expedientes sobre la reducci\u00f3n de la jornada laboral<\/mark>, tanto del oficialismo como de la oposici\u00f3n.<\/p>\n\n\n\n<p>De esas propuestas, cinco corresponden al oficialismo -presentadas por&nbsp;<strong>Claudia Ormaechea, Hugo Yasky, Sergio Palazzo, Eduardo Vald\u00e9s y M\u00f3nica Litza<\/strong>\u2013 y dos a legisladores de la oposici\u00f3n, impulsados por el socialismo (<strong>Enrique Estevez<\/strong>) y el Frente de Izquierda (<strong>Nicol\u00e1s del Ca\u00f1o<\/strong>).<\/p>\n\n\n\n<p>Del encuentro participar\u00e1n la ministra de Trabajo,&nbsp;<strong>Raquel \u2018Kelly\u2019 Olmos<\/strong>; la exembajadora de Chile,&nbsp;<strong>B\u00e1rbara Figueroa Sandoval<\/strong>; la secretaria Internacional de Cooperaci\u00f3n y Migraciones de Comisiones Obreras de Espa\u00f1a,&nbsp;<strong>Cristina Faciaben<\/strong>; representantes de la CGT, CTA de los Trabajadores y Aut\u00f3noma y especialistas de la Uni\u00f3n Industrial Argentina (UIA), as\u00ed como de la Corriente de Abogados laboralistas \u20187 de Julio\u2019.<\/p>\n\n\n\n<p>La idea de la comisi\u00f3n es impulsar un&nbsp;<em>\u201cdi\u00e1logo tripartito con las instituciones invitadas a participar\u201d,<\/em>&nbsp;seg\u00fan se inform\u00f3.<\/p>\n\n\n\n<p>En una primera reuni\u00f3n de la comisi\u00f3n, en mayo pasado, Yasky hab\u00eda se\u00f1alado que la idea&nbsp;<em>\u201ces reducir horas en la jornada laboral de manera tal que en la semana se completen 40 horas de trabajo\u201d.<\/em><\/p>\n\n\n\n<p>Por su parte, Ormaechea, diputada y dirigente de la Asociaci\u00f3n Bancaria, dijo que se&nbsp;<em>\u201cplantea una reducci\u00f3n a 36 horas\u201d.<\/em><\/p>\n\n\n\n<p>En mayo pasado, en el marco de la conmemoraci\u00f3n del D\u00eda Internacional de los Trabajadores, la&nbsp;<strong>CGT&nbsp;<\/strong>se pronunci\u00f3 a favor de la reducci\u00f3n de la jornada de trabajo semanal,&nbsp;<mark>que actualmente es de 48 horas<\/mark>, al sostener que ese sistema ya es&nbsp;<em>\u201cuna antig\u00fcedad\u201d<\/em>, y que hay que avanzar en la legislaci\u00f3n&nbsp;<em>\u201ccomo medio de generar m\u00e1s empleo y distribuir mejor el beneficio extraordinario del capital\u201d.<\/em><\/p>\n\n\n\n<p>La ministra Olmos tambi\u00e9n se manifest\u00f3 en favor de la reducci\u00f3n de la jornada laboral y plante\u00f3 la posibilidad de que\u00a0<em>\u201cse emita un despacho de consenso, para que pueda aprobarse efectivamente esta iniciativa, que est\u00e1 alcanzando importantes niveles de acuerdo\u201d.<\/em><\/p>\n\n\n\n<p>Fuentes parlamentarias del oficialismo adelantaron que\u00a0<em>\u201cla idea es acordar un proyecto que contemple textos presentados por legisladores de varios bloques que podr\u00edan confluir en una iniciativa para llevar de 48 a 40 o 36 horas la jornada semanal, con lo que se busca mejorar la productividad y generar empleo\u201d.<\/em><\/p>\n\n\n\n<p><strong>Fuente: www.elsol.com.ar<\/strong><\/p>\n","protected":false},"excerpt":{"rendered":"<p>La Comisi\u00f3n de Legislaci\u00f3n del Trabajo de la&nbsp;C\u00e1mara de Diputados&nbsp;debatir\u00e1 este martes un conjunto de proyectos de legisladores de diferentes bancadas, que plantean la&nbsp;reducci\u00f3n de la jornada laboral. Durante la reuni\u00f3n de la comisi\u00f3n, que preside la diputada&nbsp;Vanesa Siley&nbsp;(Frente de Todos), prevista para las 13, se analizar\u00e1n&nbsp;siete expedientes sobre la reducci\u00f3n de la jornada laboral, [&hellip;]<\/p>\n","protected":false},"author":2,"featured_media":1863,"comment_status":"open","ping_status":"open","sticky":false,"template":"","format":"standard","meta":[],"categories":[50],"tags":[],"_links":{"self":[{"href":"https:\/\/pasaenmendoza.com\/index.php?rest_route=\/wp\/v2\/posts\/1861"}],"collection":[{"href":"https:\/\/pasaenmendoza.com\/index.php?rest_route=\/wp\/v2\/posts"}],"about":[{"href":"https:\/\/pasaenmendoza.com\/index.php?rest_route=\/wp\/v2\/types\/post"}],"author":[{"embeddable":true,"href":"https:\/\/pasaenmendoza.com\/index.php?rest_route=\/wp\/v2\/users\/2"}],"replies":[{"embeddable":true,"href":"https:\/\/pasaenmendoza.com\/index.php?rest_route=%2Fwp%2Fv2%2Fcomments&post=1861"}],"version-history":[{"count":1,"href":"https:\/\/pasaenmendoza.com\/index.php?rest_route=\/wp\/v2\/posts\/1861\/revisions"}],"predecessor-version":[{"id":1862,"href":"https:\/\/pasaenmendoza.com\/index.php?rest_route=\/wp\/v2\/posts\/1861\/revisions\/1862"}],"wp:featuredmedia":[{"embeddable":true,"href":"https:\/\/pasaenmendoza.com\/index.php?rest_route=\/wp\/v2\/media\/1863"}],"wp:attachment":[{"href":"https:\/\/pasaenmendoza.com\/index.php?rest_route=%2Fwp%2Fv2%2Fmedia&parent=1861"}],"wp:term":[{"taxonomy":"category","embeddable":true,"href":"https:\/\/pasaenmendoza.com\/index.php?rest_route=%2Fwp%2Fv2%2Fcategories&post=1861"},{"taxonomy":"post_tag","embeddable":true,"href":"https:\/\/pasaenmendoza.com\/index.php?rest_route=%2Fwp%2Fv2%2Ftags&post=1861"}],"curies":[{"name":"wp","href":"https:\/\/api.w.org\/{rel}","templated":true}]}}