{"id":1864,"date":"2023-09-29T14:46:23","date_gmt":"2023-09-29T12:46:23","guid":{"rendered":"https:\/\/pasaenmendoza.com\/?p=1864"},"modified":"2023-09-29T14:46:23","modified_gmt":"2023-09-29T12:46:23","slug":"viernes-algo-fresco-pero-soleado-y-se-viene-un-finde-de-veranito","status":"publish","type":"post","link":"https:\/\/pasaenmendoza.com\/?p=1864","title":{"rendered":"Viernes algo fresco, pero soleado y se viene un finde de &#8220;veranito&#8221;"},"content":{"rendered":"\n<p>Este viernes, el tiempo estar\u00e1<strong>\u00a0algo m\u00e1s fresco y con cielo parcialmente nublado<\/strong>. Para el fin de semana, se prev\u00e9 ascenso de temperatura y nubosidad variable. No hay pron\u00f3stico de precipitaciones.<\/p>\n\n\n\n<p>Seg\u00fan las previsiones del\u00a0<strong>Servicio Meteorol\u00f3gico Nacional<\/strong>, en el Gran Mendoza la jornada ser\u00e1 soleada, con algunas nubes, y la\u00a0<strong>m\u00e1xima esperada es de 18\u00b0<\/strong>.<\/p>\n\n\n\n<p>El viento corre levemente del\u00a0<strong>sector este<\/strong>\u00a0y la humedad se mantiene por debajo del 50%.<\/p>\n\n\n\n<p><strong>Se estima un leve ascenso de la temperatura\u00a0<\/strong>para ma\u00f1ana s\u00e1bado, pero el domingo la m\u00e1xima llegar\u00e1 a lo 26\u00b0.<\/p>\n\n\n\n<p><strong>Fuente: www.mendozapost.com.ar<\/strong><\/p>\n","protected":false},"excerpt":{"rendered":"<p>Este viernes, el tiempo estar\u00e1\u00a0algo m\u00e1s fresco y con cielo parcialmente nublado. Para el fin de semana, se prev\u00e9 ascenso de temperatura y nubosidad variable. No hay pron\u00f3stico de precipitaciones. Seg\u00fan las previsiones del\u00a0Servicio Meteorol\u00f3gico Nacional, en el Gran Mendoza la jornada ser\u00e1 soleada, con algunas nubes, y la\u00a0m\u00e1xima esperada es de 18\u00b0. El viento [&hellip;]<\/p>\n","protected":false},"author":2,"featured_media":1865,"comment_status":"open","ping_status":"open","sticky":false,"template":"","format":"standard","meta":[],"categories":[52],"tags":[],"_links":{"self":[{"href":"https:\/\/pasaenmendoza.com\/index.php?rest_route=\/wp\/v2\/posts\/1864"}],"collection":[{"href":"https:\/\/pasaenmendoza.com\/index.php?rest_route=\/wp\/v2\/posts"}],"about":[{"href":"https:\/\/pasaenmendoza.com\/index.php?rest_route=\/wp\/v2\/types\/post"}],"author":[{"embeddable":true,"href":"https:\/\/pasaenmendoza.com\/index.php?rest_route=\/wp\/v2\/users\/2"}],"replies":[{"embeddable":true,"href":"https:\/\/pasaenmendoza.com\/index.php?rest_route=%2Fwp%2Fv2%2Fcomments&post=1864"}],"version-history":[{"count":1,"href":"https:\/\/pasaenmendoza.com\/index.php?rest_route=\/wp\/v2\/posts\/1864\/revisions"}],"predecessor-version":[{"id":1866,"href":"https:\/\/pasaenmendoza.com\/index.php?rest_route=\/wp\/v2\/posts\/1864\/revisions\/1866"}],"wp:featuredmedia":[{"embeddable":true,"href":"https:\/\/pasaenmendoza.com\/index.php?rest_route=\/wp\/v2\/media\/1865"}],"wp:attachment":[{"href":"https:\/\/pasaenmendoza.com\/index.php?rest_route=%2Fwp%2Fv2%2Fmedia&parent=1864"}],"wp:term":[{"taxonomy":"category","embeddable":true,"href":"https:\/\/pasaenmendoza.com\/index.php?rest_route=%2Fwp%2Fv2%2Fcategories&post=1864"},{"taxonomy":"post_tag","embeddable":true,"href":"https:\/\/pasaenmendoza.com\/index.php?rest_route=%2Fwp%2Fv2%2Ftags&post=1864"}],"curies":[{"name":"wp","href":"https:\/\/api.w.org\/{rel}","templated":true}]}}