{"id":1867,"date":"2023-09-29T14:54:14","date_gmt":"2023-09-29T12:54:14","guid":{"rendered":"https:\/\/pasaenmendoza.com\/?p=1867"},"modified":"2023-09-29T14:54:15","modified_gmt":"2023-09-29T12:54:15","slug":"preocupacion-por-bandas-juveniles-armadas-que-atacan-en-un-distrito-de-guaymallen","status":"publish","type":"post","link":"https:\/\/pasaenmendoza.com\/?p=1867","title":{"rendered":"Preocupaci\u00f3n por bandas juveniles armadas que atacan en un distrito de Guaymall\u00e9n"},"content":{"rendered":"\n<p>En el distrito\u00a0<strong>Kil\u00f3metro 8 de Guaymall\u00e9n\u00a0<\/strong>reina la preocupaci\u00f3n por la inseguridad. En los \u00faltimos d\u00edas, los ataques en la v\u00eda p\u00fablica, comercios y viviendas particulares al mejor estilo entradera han crecido y generado temor en la localidad semirural donde muchas familias viven de peque\u00f1os negocios y cultivos de hortalizas, principalmente, debido a que su tierra es muy f\u00e9rtil.<\/p>\n\n\n\n<p>Fuentes vecinales y policiales relataron a\u00a0<strong><em>El Sol<\/em><\/strong>\u00a0que estar\u00edan actuando bandas de juveniles delincuentes conocidos de la localidad.\u00a0<mark>El modus operandi, en casi todos los hechos, es el mismo: ocultan sus caras y atacan.<\/mark><\/p>\n\n\n\n<p>Este mi\u00e9rcoles hubo varios hechos. Antes de las 19, una familia vivi\u00f3 momentos de tensi\u00f3n cuando sufri\u00f3 una violenta entradera en su domicilio de calle Bandera de los Andes y tambi\u00e9n hubo robo de veh\u00edculos en la zona, como una camioneta. La gavilla, integrada por cuatro sujetos, que tapaba sus rostros y evidenciaba agresividad, se movilizaba en un\u00a0<strong>Chevrolet Agile rojo.<\/strong><\/p>\n\n\n\n<p>Vecinos y polic\u00edas que hablaron con este diario detallaron que tambi\u00e9n hubo hechos de inseguridad durante la tarde del martes. Destacaron\u00a0<mark>un caso ocurrido a las 20.45 en el minimarket Carlitos de calle Silvano Rodr\u00edguez<\/mark>.<\/p>\n\n\n\n<p>Los malvivientes se movilizaban en un Gol Trend negro, se bajaron e ingresaron corriendo para abordar a un trabajador del lugar. Robaron dinero de la recaudaci\u00f3n, un tel\u00e9fono celular y otros elementos de valor para luego darse a la fuga.<\/p>\n\n\n\n<p><strong>El mi\u00e9rcoles continuaron los asaltos<\/strong>. Hubo un ataque de motochorros a las 17.45 a metros de una escuela ubicada entre calles\u00a0<strong>\u00c1ngel Rodr\u00edguez<\/strong>\u00a0y\u00a0<strong>la Lecher\u00eda<\/strong>\u00a0y luego se produjo el ataque a la familia domiciliada en calle Bandera de los Andes, tambi\u00e9n ubicada en esa zona.<\/p>\n\n\n\n<p>De acuerdo con informaci\u00f3n a la que accedi\u00f3 este diario, el asalto en esa propiedad\u00a0<em>\u201cfue muy violento\u201d<\/em>.\u00a0<mark>Se trat\u00f3 de un hecho bajo la modalidad conocida como entradera<\/mark>. Actuaron cuatro malvivientes armados y atacaron a un hombre de 62 a\u00f1os, su mujer de 56 y los hijos de la pareja, de 29 y 25 a\u00f1os.<\/p>\n\n\n\n<p>Los ladrones se llevaron un TV de 55 pulgadas, 25.000 pesos y dos tel\u00e9fonos celulares, entre ellos un\u00a0<strong>Iphone<\/strong>\u00a0que no pose\u00eda el posicionamiento activado. Antes de darse a la fuga, se vivieron momentos dram\u00e1ticos en el domicilio.<\/p>\n\n\n\n<p>Hubo un llamado al 911 en el que las v\u00edctimas advirtieron sobre el hecho de inseguridad. Cuando llegaron las primeras movilidades, los polic\u00edas tomaron el relato de los moradores.\u00a0<mark>Dijeron que cuatro hombres armados que vest\u00edan ropas oscuras los redujeron<\/mark>. Le exigieron el dinero en efectivo y lo entregaron.<em>\u00a0\u201cTen\u00edan el rostro tapado y no llevaban guantes\u201d,\u00a0<\/em>describieron a los pesquisas policiales.<\/p>\n\n\n\n<p>Supieron que se movilizaban en un auto rojo pero no lograron describir marca ni modelo. Sin embargo, un vecino aport\u00f3 informaci\u00f3n importante a los investigadores: describi\u00f3 que el rodado era un Chevrolet Agile.<\/p>\n\n\n\n<p><strong>Fuente: www.elsol.com.ar<\/strong><\/p>\n","protected":false},"excerpt":{"rendered":"<p>En el distrito\u00a0Kil\u00f3metro 8 de Guaymall\u00e9n\u00a0reina la preocupaci\u00f3n por la inseguridad. En los \u00faltimos d\u00edas, los ataques en la v\u00eda p\u00fablica, comercios y viviendas particulares al mejor estilo entradera han crecido y generado temor en la localidad semirural donde muchas familias viven de peque\u00f1os negocios y cultivos de hortalizas, principalmente, debido a que su tierra [&hellip;]<\/p>\n","protected":false},"author":2,"featured_media":1868,"comment_status":"open","ping_status":"open","sticky":false,"template":"","format":"standard","meta":[],"categories":[48],"tags":[],"_links":{"self":[{"href":"https:\/\/pasaenmendoza.com\/index.php?rest_route=\/wp\/v2\/posts\/1867"}],"collection":[{"href":"https:\/\/pasaenmendoza.com\/index.php?rest_route=\/wp\/v2\/posts"}],"about":[{"href":"https:\/\/pasaenmendoza.com\/index.php?rest_route=\/wp\/v2\/types\/post"}],"author":[{"embeddable":true,"href":"https:\/\/pasaenmendoza.com\/index.php?rest_route=\/wp\/v2\/users\/2"}],"replies":[{"embeddable":true,"href":"https:\/\/pasaenmendoza.com\/index.php?rest_route=%2Fwp%2Fv2%2Fcomments&post=1867"}],"version-history":[{"count":1,"href":"https:\/\/pasaenmendoza.com\/index.php?rest_route=\/wp\/v2\/posts\/1867\/revisions"}],"predecessor-version":[{"id":1869,"href":"https:\/\/pasaenmendoza.com\/index.php?rest_route=\/wp\/v2\/posts\/1867\/revisions\/1869"}],"wp:featuredmedia":[{"embeddable":true,"href":"https:\/\/pasaenmendoza.com\/index.php?rest_route=\/wp\/v2\/media\/1868"}],"wp:attachment":[{"href":"https:\/\/pasaenmendoza.com\/index.php?rest_route=%2Fwp%2Fv2%2Fmedia&parent=1867"}],"wp:term":[{"taxonomy":"category","embeddable":true,"href":"https:\/\/pasaenmendoza.com\/index.php?rest_route=%2Fwp%2Fv2%2Fcategories&post=1867"},{"taxonomy":"post_tag","embeddable":true,"href":"https:\/\/pasaenmendoza.com\/index.php?rest_route=%2Fwp%2Fv2%2Ftags&post=1867"}],"curies":[{"name":"wp","href":"https:\/\/api.w.org\/{rel}","templated":true}]}}