{"id":1877,"date":"2023-10-02T13:28:19","date_gmt":"2023-10-02T11:28:19","guid":{"rendered":"https:\/\/pasaenmendoza.com\/?p=1877"},"modified":"2023-10-02T13:47:36","modified_gmt":"2023-10-02T11:47:36","slug":"que-dijeron-los-dirigentes-de-los-principales-candidatos-sobre-el-debate","status":"publish","type":"post","link":"https:\/\/pasaenmendoza.com\/?p=1877","title":{"rendered":"Qu\u00e9 dijeron los dirigentes de los principales candidatos sobre el debate"},"content":{"rendered":"\n<p>&nbsp;Los cinco candidatos presidenciales participaron del primer debate en Santiago del Estero, donde el libertario&nbsp;Javier Milei&nbsp;y el oficialista&nbsp;Sergio Massa&nbsp;buscaron polarizar rumbo al 22 de octubre, mientras&nbsp;Patricia Bullrich,&nbsp;Juan Schiaretti&nbsp;y&nbsp;Myriam Bregman&nbsp;apuntaron contra ambos.<\/p>\n\n\n\n<p>En un encuentro de dos horas, los dirigentes&nbsp;protagonizaron varios cruces, aunque no se registraron insultos ni exabruptos.<\/p>\n\n\n\n<p>Adem\u00e1s, al analizar resultados los equipos de todos los postulantes se mostraron satisfechos con los desempe\u00f1os de cada uno, seg\u00fan supo&nbsp;<em><strong>Noticias Argentinas<\/strong><\/em>.<\/p>\n\n\n\n<p>En La Libertad Avanza, de Milei, se fueron m\u00e1s que conformes del espacio Centro de Convenciones FORUM. &#8220;Nos fue bien. Claramente fuimos el espacio distinto, el que trajo propuestas concretas&#8221;, coment\u00f3 el candidato a jefe de Gobierno, Ramiro Marra, consultado por Noticias Argentinas.<\/p>\n\n\n\n<p>En esa l\u00ednea, agreg\u00f3: &#8220;El resto lo \u00fanico que hizo fue justificar su pasado y lo hacen de manera incorrecta porque claramente queda en evidencia que no entienden nada de lo que est\u00e1 pasando en la Argentina&#8221;.<\/p>\n\n\n\n<p>En di\u00e1logo con NA, el candidato a gobernador bonaerense de Juntos por el Cambio,&nbsp;<strong>N\u00e9stor Grindetti<\/strong>, describi\u00f3: &#8220;Despu\u00e9s de la exposici\u00f3n de Patricia, de mucho contenido, muy serena, qued\u00f3 claro que la \u00fanica opci\u00f3n de cambio realmente sustentable es Juntos por el Cambio&#8221;.<\/p>\n\n\n\n<p>&#8220;Habl\u00f3 de futuro, defendi\u00f3 muy bien, expuso muy bien nuestros planes. Habl\u00f3 y explic\u00f3 bien c\u00f3mo son nuestros equipos, as\u00ed que la sustentabilidad para la gobernar la damos nosotros&#8221;, agreg\u00f3 el intendente de Lan\u00fas en uso de licencia.<\/p>\n\n\n\n<p>Al ser consultado sobre el intento de polarizaci\u00f3n entre Massa y Milei durante el debate, el dirigente del PRO manifest\u00f3: &#8220;Esos dos polos, en un punto, seguramente se tocan. La verdad que ni me llam\u00f3 demasiado la atenci\u00f3n. Patricia fue la que mejor expuso lo que son nuestras ideas y mejor expuso el equipo que tenemos&#8221;.<\/p>\n\n\n\n<p>Por su parte, uno de los invitados que tuvo Massa, que prefiri\u00f3 hablar desde el anonimato, reflexion\u00f3 sobre el desempe\u00f1o del ministro de Econom\u00eda: &#8220;Los objetivos de Uni\u00f3n por la Patria y la expresi\u00f3n de Sergio Massa respecto al proyecto pa\u00eds quedaron claro&#8221;.<\/p>\n\n\n\n<p>&#8220;Ya hace varias semanas venimos marcando un horizonte muy claro. Me parece que de aqu\u00ed en adelante va a ser como venimos trabajando ya hace algunas semanas&#8230; Barrio por barrio, casa por casa, con m\u00e1s fuerza&#8221;, finaliz\u00f3.<\/p>\n\n\n\n<p>FUENTE: mendozapost.<\/p>\n\n\n\n<p><\/p>\n","protected":false},"excerpt":{"rendered":"<p>&nbsp;Los cinco candidatos presidenciales participaron del primer debate en Santiago del Estero, donde el libertario&nbsp;Javier Milei&nbsp;y el oficialista&nbsp;Sergio Massa&nbsp;buscaron polarizar rumbo al 22 de octubre, mientras&nbsp;Patricia Bullrich,&nbsp;Juan Schiaretti&nbsp;y&nbsp;Myriam Bregman&nbsp;apuntaron contra ambos. En un encuentro de dos horas, los dirigentes&nbsp;protagonizaron varios cruces, aunque no se registraron insultos ni exabruptos. Adem\u00e1s, al analizar resultados los equipos de [&hellip;]<\/p>\n","protected":false},"author":2,"featured_media":1878,"comment_status":"open","ping_status":"open","sticky":true,"template":"","format":"standard","meta":[],"categories":[47],"tags":[],"_links":{"self":[{"href":"https:\/\/pasaenmendoza.com\/index.php?rest_route=\/wp\/v2\/posts\/1877"}],"collection":[{"href":"https:\/\/pasaenmendoza.com\/index.php?rest_route=\/wp\/v2\/posts"}],"about":[{"href":"https:\/\/pasaenmendoza.com\/index.php?rest_route=\/wp\/v2\/types\/post"}],"author":[{"embeddable":true,"href":"https:\/\/pasaenmendoza.com\/index.php?rest_route=\/wp\/v2\/users\/2"}],"replies":[{"embeddable":true,"href":"https:\/\/pasaenmendoza.com\/index.php?rest_route=%2Fwp%2Fv2%2Fcomments&post=1877"}],"version-history":[{"count":2,"href":"https:\/\/pasaenmendoza.com\/index.php?rest_route=\/wp\/v2\/posts\/1877\/revisions"}],"predecessor-version":[{"id":1889,"href":"https:\/\/pasaenmendoza.com\/index.php?rest_route=\/wp\/v2\/posts\/1877\/revisions\/1889"}],"wp:featuredmedia":[{"embeddable":true,"href":"https:\/\/pasaenmendoza.com\/index.php?rest_route=\/wp\/v2\/media\/1878"}],"wp:attachment":[{"href":"https:\/\/pasaenmendoza.com\/index.php?rest_route=%2Fwp%2Fv2%2Fmedia&parent=1877"}],"wp:term":[{"taxonomy":"category","embeddable":true,"href":"https:\/\/pasaenmendoza.com\/index.php?rest_route=%2Fwp%2Fv2%2Fcategories&post=1877"},{"taxonomy":"post_tag","embeddable":true,"href":"https:\/\/pasaenmendoza.com\/index.php?rest_route=%2Fwp%2Fv2%2Ftags&post=1877"}],"curies":[{"name":"wp","href":"https:\/\/api.w.org\/{rel}","templated":true}]}}