{"id":1880,"date":"2023-10-02T13:32:57","date_gmt":"2023-10-02T11:32:57","guid":{"rendered":"https:\/\/pasaenmendoza.com\/?p=1880"},"modified":"2023-10-02T13:32:58","modified_gmt":"2023-10-02T11:32:58","slug":"con-criticas-a-milei-y-al-kirchnerismo-cornejo-y-petri-estan-en-el-debate-presidencial-para-apoyar-a-bullrich","status":"publish","type":"post","link":"https:\/\/pasaenmendoza.com\/?p=1880","title":{"rendered":"Con cr\u00edticas a Milei y al kirchnerismo, Cornejo y Petri est\u00e1n en el debate presidencial para apoyar a Bullrich"},"content":{"rendered":"\n<p>El electo gobernador y el candidato a vicepresidente en Juntos por el Cambio est\u00e1n en la platea para seguir el primer intercambio y explicaron cu\u00e1l es la estrategia de la ex ministra.<\/p>\n\n\n\n<p>Dos mendocinos viajaron para presenciar desde una platea selecta el primer&nbsp;<strong>debate presidencial<\/strong>&nbsp;obligatorio que se realizar\u00e1 en la&nbsp;<strong>Universidad Nacional de Santiago del Estero<\/strong>. Se trata de&nbsp;<strong>Alfredo Cornejo<\/strong>, el gobernador electo recientemente en Mendoza, y de&nbsp;<strong>Luis Petri<\/strong>, el compa\u00f1ero de f\u00f3rmula de&nbsp;<strong>Patricia Bullrich<\/strong>.<\/p>\n\n\n\n<p>En cuanto a sus expectativas sobre la participaci\u00f3n de la candidata a presidenta en&nbsp;<strong>Juntos por el Cambio<\/strong>, Cornejo sostuvo que \u201c<em>esperamos que Patricia pueda probar que este es un cambio de modelo, pero sustentable en el tiempo<\/em>\u201c.<\/p>\n\n\n\n<p>Pero de inmediato cuestion\u00f3 la posibilidad de que la sociedad elija otra opci\u00f3n como la de Javier Milei.<\/p>\n\n\n\n<p>\u201c<em>No necesitamos un salto al vac\u00edo, necesitamos un cambio seguro. Patricia representa ese cambio seguro, tiene diez gobernadores detr\u00e1s<\/em>\u201c, asegur\u00f3 el senador nacional desde la sede de la UNSE en la provincia norte\u00f1a. Y recarg\u00f3 m\u00e1s las tintas sobre Milei: \u201c<em>Lo vemos con mayor incertidumbre a\u00fan y la Argentina necesita mayor certidumbre para el tiempo que viene<\/em>\u201c, recalc\u00f3.<\/p>\n\n\n\n<p>Respecto a la potencial estrategia que tendr\u00e1 la ex ministra de Seguridad para el primer debate, Cornejo indic\u00f3 que adem\u00e1s de expresar sus propuestas, la idea es \u201cmostrar ese cambio seguro que proponemos, que tiene apoyo, que esos cambios tienen representaci\u00f3n en el territorio, ese va a ser nuestro eje no s\u00f3lo del debate sino de estas tres semanas que quedan de campa\u00f1a\u201d, ponder\u00f3.<\/p>\n\n\n\n<p>En tanto, Petri tambi\u00e9n explic\u00f3 que Bullrich intentar\u00e1 \u201c<em>explicar la hoja de ruta que vamos a implementar a partir del 10 de diciembre<\/em>\u201c, frente a sus rivales.<\/p>\n\n\n\n<p>El candidato a vicepresidente por JxC asegur\u00f3 de manera tajante que \u201chemos enfrentado toda la vida al kirchnerismo, somos la fuerza pol\u00edtica que lo fren\u00f3 y la que puede terminar con el kirchnerismo, muchas de nuestras cr\u00edticas van a ir respecto de las desastrosas pol\u00edticas de gobierno\u201d.<\/p>\n\n\n\n<p>Sin embargo, tambi\u00e9n se refiri\u00f3 a que el debate de este domingo se encuentra en medio de dos esc\u00e1ndalos en el Gobierno de Buenos Aires. Por un lado, el viaje a Marbella del ahora ex jefe de gabinete Mart\u00edn Insaurralde con una modelo y, por el otro, la investigaci\u00f3n en torno a Julio \u201cChocolate\u201d Rigau, que fue detenido cuando retiraba plata con casi cincuenta tarjetas de d\u00e9bito de empleados legislativos de la provincia.<\/p>\n\n\n\n<p>\u201cDamos este debate en medio de un esc\u00e1ndalo en la jefatura de gabinete, en la Legislatura de Buenos Aires\u201d, record\u00f3 el ex diputado mendocino y consider\u00f3 que \u201cla pol\u00edtica tiene que dar un ejemplo en medio de una crisis que afecta a millones de argentinos\u201d.<\/p>\n\n\n\n<p>FUENTE: elsol.com.ar.<\/p>\n","protected":false},"excerpt":{"rendered":"<p>El electo gobernador y el candidato a vicepresidente en Juntos por el Cambio est\u00e1n en la platea para seguir el primer intercambio y explicaron cu\u00e1l es la estrategia de la ex ministra. Dos mendocinos viajaron para presenciar desde una platea selecta el primer&nbsp;debate presidencial&nbsp;obligatorio que se realizar\u00e1 en la&nbsp;Universidad Nacional de Santiago del Estero. Se [&hellip;]<\/p>\n","protected":false},"author":2,"featured_media":1881,"comment_status":"open","ping_status":"open","sticky":true,"template":"","format":"standard","meta":[],"categories":[47],"tags":[],"_links":{"self":[{"href":"https:\/\/pasaenmendoza.com\/index.php?rest_route=\/wp\/v2\/posts\/1880"}],"collection":[{"href":"https:\/\/pasaenmendoza.com\/index.php?rest_route=\/wp\/v2\/posts"}],"about":[{"href":"https:\/\/pasaenmendoza.com\/index.php?rest_route=\/wp\/v2\/types\/post"}],"author":[{"embeddable":true,"href":"https:\/\/pasaenmendoza.com\/index.php?rest_route=\/wp\/v2\/users\/2"}],"replies":[{"embeddable":true,"href":"https:\/\/pasaenmendoza.com\/index.php?rest_route=%2Fwp%2Fv2%2Fcomments&post=1880"}],"version-history":[{"count":1,"href":"https:\/\/pasaenmendoza.com\/index.php?rest_route=\/wp\/v2\/posts\/1880\/revisions"}],"predecessor-version":[{"id":1882,"href":"https:\/\/pasaenmendoza.com\/index.php?rest_route=\/wp\/v2\/posts\/1880\/revisions\/1882"}],"wp:featuredmedia":[{"embeddable":true,"href":"https:\/\/pasaenmendoza.com\/index.php?rest_route=\/wp\/v2\/media\/1881"}],"wp:attachment":[{"href":"https:\/\/pasaenmendoza.com\/index.php?rest_route=%2Fwp%2Fv2%2Fmedia&parent=1880"}],"wp:term":[{"taxonomy":"category","embeddable":true,"href":"https:\/\/pasaenmendoza.com\/index.php?rest_route=%2Fwp%2Fv2%2Fcategories&post=1880"},{"taxonomy":"post_tag","embeddable":true,"href":"https:\/\/pasaenmendoza.com\/index.php?rest_route=%2Fwp%2Fv2%2Ftags&post=1880"}],"curies":[{"name":"wp","href":"https:\/\/api.w.org\/{rel}","templated":true}]}}