{"id":1883,"date":"2023-10-02T13:39:31","date_gmt":"2023-10-02T11:39:31","guid":{"rendered":"https:\/\/pasaenmendoza.com\/?p=1883"},"modified":"2023-10-02T13:39:32","modified_gmt":"2023-10-02T11:39:32","slug":"los-intendentes-electos-que-forman-parte-de-la-renovacion-generacional-en-mendoza","status":"publish","type":"post","link":"https:\/\/pasaenmendoza.com\/?p=1883","title":{"rendered":"Los intendentes electos que forman parte de la &#8220;renovaci\u00f3n&#8221; generacional en Mendoza."},"content":{"rendered":"\n<p>En las elecciones del domingo se impusieron en la categor\u00eda de intendente cuatro &#8220;debutantes&#8221; en el puesto. Algunos son sub 40 y, pese a diferencias partidarias, deber\u00e1n trabajar en conjunto.<\/p>\n\n\n\n<p>Las\u00a0elecciones\u00a0del 24 septiembre dejaron -entre otras cuestiones- un dato a tener en cuenta a la hora de evaluar lo ocurrido en las Intendencias: en cuatro departamentos se dar\u00e1 una renovaci\u00f3n generacional que abrir\u00e1 paso a un cambio en lo que respecta a los nuevos actores que habr\u00e1 en el escenario pol\u00edtico del pr\u00f3ximo tiempo.\u00a0<strong>Francisco Lo Presti\u00a0<\/strong>(Las Heras),\u00a0<strong>Marcos<\/strong>\u00a0<strong>Calvente<\/strong>\u00a0(Guaymall\u00e9n),\u00a0<strong>Esteban Allasino\u00a0<\/strong>(Luj\u00e1n de Cuyo) y\u00a0<strong>Diego Costarelli\u00a0<\/strong>(Godoy Cruz) conducir\u00e1n el destino de cuatro territorios de alta densidad poblacional y que poseen numerosas complejidades. Todos tienen menos de 45 a\u00f1os y, pese a que uno de los protagonistas es parte de otro partido, aseguran que habr\u00e1 buena convivencia m\u00e1s all\u00e1 de la marcada polarizaci\u00f3n durante la campa\u00f1a electoral.<\/p>\n\n\n\n<p>La generaci\u00f3n que qued\u00f3 en el medio -con dirigentes como Tadeo Garc\u00eda Zalazar (8 a\u00f1os como intendente), Sebasti\u00e1n Bragagnolo (rechaz\u00f3 ir por la reelecci\u00f3n) y Ulpiano Suarez y Mat\u00edas Stevanato (ambos van por segundo mandato)-\u00a0a\u00fan no es considerada vieja. Pero\u00a0con la llegada de los intendentes electos mencionados, \u00e9stos pasar\u00e1n al plano de lo conocido. Hasta podr\u00eda considerarse que algunos perdieron el tren de la Gobernaci\u00f3n en los comicios de este a\u00f1o, aunque todav\u00eda les quedar\u00eda cr\u00e9dito para 2027, siempre dependiendo de m\u00faltiples factores. La intendenta de Santa Rosa -que conducir\u00e1 su comuna cuatro a\u00f1os m\u00e1s-\u00a0y presidenta del Partido Justicialista (PJ), Flor Dest\u00e9fanis forma parte de ambos grupos.<\/p>\n\n\n\n<p><strong>Francisco Lo Presti\u00a0<\/strong>gan\u00f3 la Intendencia de Las Heras con 28,11% de los votos. Hasta abril de este a\u00f1o fue secretario de Obras y Servicios\u00a0P\u00fablicos en la gesti\u00f3n de Daniel Orozco. Renunci\u00f3 luego de que Orozco pegara el portazo y se uniera a La Uni\u00f3n Mendocina junto a Omar De Marchi.\u00a0<strong>Lo Presti\u00a0<\/strong>pas\u00f3 de ser un posible sucesor de Orozco a competir contra \u00e9l en una campa\u00f1a que en suelo lasherino estuvo plagada de denuncias penales y acusaciones cruzadas entre dirigentes que hasta hace 8 meses posaban juntos para las fotos.<\/p>\n\n\n\n<p>Con apenas 37 a\u00f1os,\u00a0<strong>Lo Presti\u00a0<\/strong>se har\u00e1 cargo del segundo municipio m\u00e1s poblado\u00a0(228.525 habitantes).\u00a0&#8220;Personalmente, es un sue\u00f1o cumplido que se me d\u00e9\u00a0la oportunidad a esta edad con bastante experiencia en gesti\u00f3n, propio de mi pasado en la Universidad y en el municipio. Viene bien la renovaci\u00f3n porque tiene que ver con una visi\u00f3n distintas a nuevos desaf\u00edos y nuevas problem\u00e1ticas para as\u00ed poder encararlas. Ya se ven\u00eda dando una renovaci\u00f3n en su momento con Tadeo Garc\u00eda Zalazar, Sebasti\u00e1n Bragagnolo y Ulpiano Suarez, que demostraron que hay capacidad de gesti\u00f3n&#8221;, dijo en di\u00e1logo con\u00a0<em>MDZ. Y\u00a0<\/em>luego coment\u00f3 sobre su salida de la actual administraci\u00f3n:\u00a0&#8220;Me qued\u00e9 siempre en Cambia Mendoza. Se\u00a0constituy\u00f3 un frente con funcionarios que apostaron a sus convicciones. Se hab\u00eda\u00a0quebrado el mandato electoral&#8230;&#8221;.<\/p>\n\n\n\n<p>En tanto, reconoci\u00f3 tener una\u00a0&#8220;muy buena relaci\u00f3n&#8221; con\u00a0<strong>Esteban Allasino<\/strong>, intendente electo de Luj\u00e1n de Cuyo que forma parte del frente La Uni\u00f3n Mendocina. &#8220;Lo conozco desde la secundaria. Particip\u00e1bamos de los modelos de Naciones Unidas en conjunto. Adem\u00e1s, cuando Luj\u00e1n estaba en Cambia Mendoza siempre era parte de la mesa de trabajo. Nos reun\u00edamos para generar pol\u00edticas para el Gran Mendoza. No estamos en la vereda de enfrente. Vamos a trabajar mancomunadamente, m\u00e1s all\u00e1\u00a0de las posiciones partidarias. Todos tenemos la misma vocaci\u00f3n&#8221;, aport\u00f3.<\/p>\n\n\n\n<p><strong>Diego Costarelli&nbsp;<\/strong>tiene m\u00e1s a\u00f1os en la pol\u00edtica, especialmente en Godoy Cruz. Fue director de Relaciones con la Comunidad, director de Ambiente y hasta secretario privado de Alfredo Cornejo cuando \u00e9ste era jefe comunal. En la Legislatura pas\u00f3 por el Senado y actualmente es diputado provincial. Una semana atr\u00e1s consigui\u00f3 m\u00e1s del 45% de los votos y ser\u00e1 quien reemplace a Tadeo Garc\u00eda Zalazar en el municipio tras 8 a\u00f1os.&nbsp;<strong>Costarelli<\/strong>, de 45&nbsp;a\u00f1os, cree que&nbsp;&#8220;la renovaci\u00f3n est\u00e1 en las ideas a la hora de administrar el Estado&nbsp;porque&nbsp;las demandas van cambiando y se exigen nuevas ideas para satisfacerlas. En&nbsp;Godoy Cruz no solo renovamos los servicios, sino las caras tambi\u00e9n. Nos anticipamos a la renovaci\u00f3n de demandas&#8221;.<\/p>\n\n\n\n<p>La campa\u00f1a que polariz\u00f3 a Cambia Mendoza con La Uni\u00f3n Mendocina termin\u00f3 y&nbsp;<strong>Costarelli&nbsp;<\/strong>tambi\u00e9n reconoci\u00f3 tener un v\u00ednculo con&nbsp;<strong>Esteban Allasino<\/strong>.&nbsp;&#8220;Allasino el domingo me salud\u00f3. Tenemos la mejor de las convivencias y una buena relaci\u00f3n&#8221;, coment\u00f3 y, despu\u00e9s, sum\u00f3:&nbsp;&#8220;Con&nbsp;<strong>Lo Presti<\/strong>&nbsp;y&nbsp;<strong>Calvente&nbsp;<\/strong>me llevo realmente bien y compartimos la mirada de lo que&nbsp;viene: administraci\u00f3n&nbsp;austera, super\u00e1vit y renovar los servicios. Hay que trabajar juntos. No se pueden pensar las administraciones de forma aislada&#8221;.&nbsp;<\/p>\n\n\n\n<p>La relaci\u00f3n entre&nbsp;<strong>Costarelli&nbsp;<\/strong>y&nbsp;<strong>Marcos<\/strong>&nbsp;<strong>Calvente&nbsp;<\/strong>es de tal cercan\u00eda que hasta comparten actividades de ocio, como -por ejemplo- ir juntos al Estadio Malvinas Argentinas a ver a Godoy Cruz.&nbsp;<strong>Calvente<\/strong>, de 41 a\u00f1os, tendr\u00e1 la tarea de reemplazar a Marcelino Iglesias en Guaymall\u00e9n despu\u00e9s de 8 a\u00f1os. Gan\u00f3 las elecciones con 36,98% de los sufragios y estar\u00e1 al frente del municipio m\u00e1s poblado&nbsp;(321.371 ciudadanos). En la actualidad&nbsp;es secretario de Obras y Servicios P\u00fablicos desde 2015 y es la \u00fanica funci\u00f3n estatal que ha cumplido.<\/p>\n\n\n\n<p>&#8220;No es solo una renovaci\u00f3n generacional. Tiene que ver con la visi\u00f3n y la construcci\u00f3n pol\u00edtica. Soy un ingeniero que ha desarrollado una carrera t\u00e9cnica y vengo con otra visi\u00f3n y creo poder dar un aporte desde ah\u00ed. Ser secretario de Obras es mi primera intervenci\u00f3n en la pol\u00edtica&#8221;, dijo&nbsp;<strong>Calvente<\/strong>&nbsp;(43), que asegur\u00f3 que con Marcelino Iglesias -intendente saliente- tuvo&nbsp;&#8220;una gran escuela&#8221; al mezclar &#8220;la doctrina radical, la visi\u00f3n empresarial y las necesidades que tiene un departamento como Guaymall\u00e9n&#8221;.<\/p>\n\n\n\n<p>&#8220;Marcelino me ense\u00f1o a tomar decisiones con costo politico, pero que corresponden&#8221;, aport\u00f3. Sobre el hecho de lograr despegarse de Marcelino, asever\u00f3 que no ser\u00e1 una gesti\u00f3n con &#8220;<strong>Calvente&nbsp;<\/strong>al gobierno y Marcelino al poder&#8221;, como reza la hist\u00f3rica frase que invoca a Juan Domingo Per\u00f3n y a H\u00e9ctor C\u00e1mpora.&nbsp;En ese orden, se\u00f1al\u00f3 que&nbsp;&nbsp;&#8220;Si no lo convocan, es muy respetuoso. \u00c9l sabe c\u00f3mo se ejerce el liderazgo en un municipio y s\u00e9 que lo va a respetar. Tiene claro ese concepto. Me va hacer reclamos como un vecino&#8221;.<\/p>\n\n\n\n<p><strong>Calvente<\/strong>&nbsp;asegur\u00f3 que su relaci\u00f3n con&nbsp;<strong>Esteban Allasino &#8220;<\/strong>es excelente&#8221;. &#8220;Es ingeniero civil como yo. \u00c9l era empleado de la municipalidad de Guaymall\u00e9n y se fue a Luj\u00e1n con Omar De Marchi. Hemos tenido un di\u00e1logo muy fluido. Nos hemos juntado a dialogar sobre programas de financiamientos y obras&#8221;.<\/p>\n\n\n\n<p>Tambi\u00e9n indic\u00f3 que no ser\u00eda la primera vez que &#8220;planifican todo en conjunto&#8221;. &#8220;Ya ven\u00edamos trabajando de manera articulada. Por ejemplo, lo estamos haciendo para unificar el c\u00f3digo de edificaci\u00f3n. No tiene sentido que cada municipio tenga un c\u00f3digo diferente. Eso ya ser\u00eda un gran paso. Y con\u00a0<strong>Costarelli\u00a0<\/strong>tengo un di\u00e1logo muy fluido desde 2015. Es una de las primeras personas con las que tom\u00e9 confianza&#8221;.<\/p>\n\n\n\n<p><strong>Esteban Allasino&nbsp;<\/strong>(39) es el jefe de Gabinete de Luj\u00e1n de Cuyo. Sebasti\u00e1n Bragagnolo decidi\u00f3 en abril de este a\u00f1o que no ir\u00eda por la reelecci\u00f3n -pese a tener la posibilidad- y le cedi\u00f3 la candidatura a&nbsp;<strong>Allasino<\/strong>, que arras\u00f3 con el 44,35% de los votos este en representaci\u00f3n del frente La Uni\u00f3n Mendocina.<\/p>\n\n\n\n<p>Respecto a la renovaci\u00f3n, el lujanino valor\u00f3\u00a0que &#8220;se renueve el estilo y el esp\u00edritu. La gente joven permite mayor impronta y una mirada moderna. Tambi\u00e9n es buena porque se terminan las reelecciones indefinidas. Hace que se est\u00e9n desarrollando perfiles. Yo estuve\u00a0en todos los escalafones municipales. Fui encargo del equipo de bacheo, secretario, jefe de Gabinete y ahora intendente electo. Todo eso tiene muchas ventajas. Te da un conocimiento profundo para tomar decisiones. Queda pendiente que haya m\u00e1s mujeres.\u00a0Ojal\u00e1\u00a0sean electas m\u00e1s mujeres en cargos ejecutivos&#8221;.<\/p>\n\n\n\n<p>Pese a las diferencias partidarias con sus pares de Guaymall\u00e9n y de Las Heras, destac\u00f3: &#8220;<strong>Lo Presti<\/strong>,\u00a0<strong>Calvente\u00a0<\/strong>y yo en alg\u00fan momento manejamos las obras de nuestros municipios. Hemos compartido muchas mesas de trabajo. Son personas muy formadas y tienen el pulso de los servicios municipales. Es muy importante eso&#8221;. Y a\u00f1adi\u00f3: &#8220;Tengo un estilo de gesti\u00f3n muy intenso. Es la \u00fanica forma de que las cosas sucedan. Siempre es m\u00e1s f\u00e1cil si constru\u00eds una relaci\u00f3n honesta con el otro. Si lo insult\u00e1s y difam\u00e1s, te sent\u00e1s y te saca a los ponchazos. Hay que resolver&#8221;.<\/p>\n\n\n\n<h2 class=\"wp-block-heading\">Los que vuelven<\/h2>\n\n\n\n<p>La contracara de la renovaci\u00f3n se puede ver en municipios\u00a0donde hist\u00f3ricos jefes comunales retornar\u00e1n la Intendencia. Por ejemplo, Jun\u00edn, con Mario Abed; Rivadavia, con Ricardo Mansur;\u00a0Malarg\u00fce, con Celso Jaque y San Rafael, con Emir F\u00e9lix.<\/p>\n\n\n\n<p>Sobre el retorno de viejos conocidos,&nbsp;<strong>Lo Presti&nbsp;<\/strong>opin\u00f3: &#8220;Tiene que ver con morfolog\u00eda de cada departamento. Son municipios que tienden a reconocer en el intendente un vecino muy cercano en poblaciones m\u00e1s chicas. En ese acercamiento tiene mucha significado lo que representan estos l\u00edderes&#8221;.&nbsp;<\/p>\n\n\n\n<p><strong>Costarelli&nbsp;<\/strong>expres\u00f3&nbsp;que &#8220;en Jun\u00edn, Abed es un tipo que administra bien. Las elecciones las pierden o ganan los oficialismos.&nbsp;En Rivadavia es un caso emblem\u00e1tico porque la persona que vuelve tiene m\u00e1s de 70 a\u00f1os y lo&nbsp;de Jaque atenta contra la renovaci\u00f3n&#8221;. Aunque insisti\u00f3 m\u00e1s en la renovaci\u00f3n de &#8220;de ideas y demandas&#8221; que &#8220;en las personas&#8221;.<\/p>\n\n\n\n<p>Para\u00a0<strong>Allasino<\/strong>,\u00a0la poblaci\u00f3n &#8220;en la elecci\u00f3n\u00a0hace una preferencia\u00a0y no elige\u00a0en libertad de acciones.\u00a0En Jun\u00edn, Malarg\u00fce y Rivadavia hay una buena valoraci\u00f3n de lo que han hecho. Si ah\u00ed no hubo una oferta m\u00e1s joven, no hab\u00eda otra opci\u00f3n. Hay que hacer un equilibrio con el temple y las personas mas experimentadas. Est\u00e1 bueno ese laburo de equilibrio&#8221;.<\/p>\n\n\n\n<p>FUENTE: mdzonline.<\/p>\n","protected":false},"excerpt":{"rendered":"<p>En las elecciones del domingo se impusieron en la categor\u00eda de intendente cuatro &#8220;debutantes&#8221; en el puesto. Algunos son sub 40 y, pese a diferencias partidarias, deber\u00e1n trabajar en conjunto. Las\u00a0elecciones\u00a0del 24 septiembre dejaron -entre otras cuestiones- un dato a tener en cuenta a la hora de evaluar lo ocurrido en las Intendencias: en cuatro [&hellip;]<\/p>\n","protected":false},"author":2,"featured_media":1884,"comment_status":"open","ping_status":"open","sticky":true,"template":"","format":"standard","meta":[],"categories":[47],"tags":[],"_links":{"self":[{"href":"https:\/\/pasaenmendoza.com\/index.php?rest_route=\/wp\/v2\/posts\/1883"}],"collection":[{"href":"https:\/\/pasaenmendoza.com\/index.php?rest_route=\/wp\/v2\/posts"}],"about":[{"href":"https:\/\/pasaenmendoza.com\/index.php?rest_route=\/wp\/v2\/types\/post"}],"author":[{"embeddable":true,"href":"https:\/\/pasaenmendoza.com\/index.php?rest_route=\/wp\/v2\/users\/2"}],"replies":[{"embeddable":true,"href":"https:\/\/pasaenmendoza.com\/index.php?rest_route=%2Fwp%2Fv2%2Fcomments&post=1883"}],"version-history":[{"count":1,"href":"https:\/\/pasaenmendoza.com\/index.php?rest_route=\/wp\/v2\/posts\/1883\/revisions"}],"predecessor-version":[{"id":1885,"href":"https:\/\/pasaenmendoza.com\/index.php?rest_route=\/wp\/v2\/posts\/1883\/revisions\/1885"}],"wp:featuredmedia":[{"embeddable":true,"href":"https:\/\/pasaenmendoza.com\/index.php?rest_route=\/wp\/v2\/media\/1884"}],"wp:attachment":[{"href":"https:\/\/pasaenmendoza.com\/index.php?rest_route=%2Fwp%2Fv2%2Fmedia&parent=1883"}],"wp:term":[{"taxonomy":"category","embeddable":true,"href":"https:\/\/pasaenmendoza.com\/index.php?rest_route=%2Fwp%2Fv2%2Fcategories&post=1883"},{"taxonomy":"post_tag","embeddable":true,"href":"https:\/\/pasaenmendoza.com\/index.php?rest_route=%2Fwp%2Fv2%2Ftags&post=1883"}],"curies":[{"name":"wp","href":"https:\/\/api.w.org\/{rel}","templated":true}]}}