{"id":1890,"date":"2023-10-02T15:00:56","date_gmt":"2023-10-02T13:00:56","guid":{"rendered":"https:\/\/pasaenmendoza.com\/?p=1890"},"modified":"2023-10-02T15:00:57","modified_gmt":"2023-10-02T13:00:57","slug":"lunes-caluroso-con-alerta-de-viento-zonda-en-mendoza","status":"publish","type":"post","link":"https:\/\/pasaenmendoza.com\/?p=1890","title":{"rendered":"Lunes caluroso con alerta de Viento Zonda en Mendoza"},"content":{"rendered":"\n<p>\u00a0Este lunes, la semana comienza\u00a0<strong>calurosa con alerta amarillo de viento Zonda.\u00a0<\/strong><\/p>\n\n\n\n<p>Seg\u00fan el\u00a0<strong>Servicio Meteorl\u00f3gico Nacional<\/strong>, este lunes la temperatura m\u00e1xima llegar\u00e1 a los<strong>\u00a027\u00b0,<\/strong>\u00a0producto del viento del oeste que llegar\u00e1 al llano por la tarde.\u00a0<\/p>\n\n\n\n<p>El alerta emitida involucra casi toda la provincia de Mendoza, parte de San Juan, San Luis, La Rioja y el oeste de C\u00f3rdoba. Seg\u00fan las previsiones del SMN llegar\u00e1 al llano por la tarde.\u00a0<\/p>\n\n\n\n<p>En tanto que, para la noche de este lunes y ma\u00f1ana martes, el pron\u00f3stico indica\u00a0<strong>descenso de temperatura por la llegada del viento del sur, con lluvias y chaparrones aislados.\u00a0<\/strong><\/p>\n\n\n\n<p>La m\u00e1xima prevista para ma\u00f1ana martes es de\u00a0<strong>20\u00b0.\u00a0<\/strong><\/p>\n\n\n\n<p><strong>Fuente: www.mendozapost.com<\/strong><\/p>\n","protected":false},"excerpt":{"rendered":"<p>\u00a0Este lunes, la semana comienza\u00a0calurosa con alerta amarillo de viento Zonda.\u00a0 Seg\u00fan el\u00a0Servicio Meteorl\u00f3gico Nacional, este lunes la temperatura m\u00e1xima llegar\u00e1 a los\u00a027\u00b0,\u00a0producto del viento del oeste que llegar\u00e1 al llano por la tarde.\u00a0 El alerta emitida involucra casi toda la provincia de Mendoza, parte de San Juan, San Luis, La Rioja y el oeste [&hellip;]<\/p>\n","protected":false},"author":2,"featured_media":1891,"comment_status":"open","ping_status":"open","sticky":false,"template":"","format":"standard","meta":[],"categories":[52],"tags":[],"_links":{"self":[{"href":"https:\/\/pasaenmendoza.com\/index.php?rest_route=\/wp\/v2\/posts\/1890"}],"collection":[{"href":"https:\/\/pasaenmendoza.com\/index.php?rest_route=\/wp\/v2\/posts"}],"about":[{"href":"https:\/\/pasaenmendoza.com\/index.php?rest_route=\/wp\/v2\/types\/post"}],"author":[{"embeddable":true,"href":"https:\/\/pasaenmendoza.com\/index.php?rest_route=\/wp\/v2\/users\/2"}],"replies":[{"embeddable":true,"href":"https:\/\/pasaenmendoza.com\/index.php?rest_route=%2Fwp%2Fv2%2Fcomments&post=1890"}],"version-history":[{"count":1,"href":"https:\/\/pasaenmendoza.com\/index.php?rest_route=\/wp\/v2\/posts\/1890\/revisions"}],"predecessor-version":[{"id":1892,"href":"https:\/\/pasaenmendoza.com\/index.php?rest_route=\/wp\/v2\/posts\/1890\/revisions\/1892"}],"wp:featuredmedia":[{"embeddable":true,"href":"https:\/\/pasaenmendoza.com\/index.php?rest_route=\/wp\/v2\/media\/1891"}],"wp:attachment":[{"href":"https:\/\/pasaenmendoza.com\/index.php?rest_route=%2Fwp%2Fv2%2Fmedia&parent=1890"}],"wp:term":[{"taxonomy":"category","embeddable":true,"href":"https:\/\/pasaenmendoza.com\/index.php?rest_route=%2Fwp%2Fv2%2Fcategories&post=1890"},{"taxonomy":"post_tag","embeddable":true,"href":"https:\/\/pasaenmendoza.com\/index.php?rest_route=%2Fwp%2Fv2%2Ftags&post=1890"}],"curies":[{"name":"wp","href":"https:\/\/api.w.org\/{rel}","templated":true}]}}