{"id":1893,"date":"2023-10-02T15:06:04","date_gmt":"2023-10-02T13:06:04","guid":{"rendered":"https:\/\/pasaenmendoza.com\/?p=1893"},"modified":"2023-10-02T15:06:05","modified_gmt":"2023-10-02T13:06:05","slug":"un-joven-fue-baleado-ciudad-y-le-enviaron-un-video-del-hecho-a-la-madre","status":"publish","type":"post","link":"https:\/\/pasaenmendoza.com\/?p=1893","title":{"rendered":"Un joven fue baleado Ciudad y le enviaron un video del hecho a la madre"},"content":{"rendered":"\n<p>Un joven de 19 a\u00f1os fue golpeado y baleado la noche de este domingo en el\u00a0<strong>barrio San Mart\u00edn de Ciudad<\/strong>\u00a0y\u00a0<mark>su madre se enter\u00f3 del ataque cuando le enviaron un video del hecho<\/mark>. La informaci\u00f3n policial sostiene que la v\u00edctima, quien ten\u00eda antecedentes y un pedido de captura vigente, qued\u00f3 internada en el\u00a0<strong>Hospital Lagomaggiore<\/strong>.<\/p>\n\n\n\n<p>Por llamados al 911, la mam\u00e1 del chico herido, identificado como\u00a0<strong>Tiziano Le\u00f3n<\/strong>, fue quien alert\u00f3 a la Polic\u00eda de que le hab\u00edan hecho llegar un archivo de video en el momento que se produjeron los disparos contra su hijo. Otra comunicaci\u00f3n al CEO inform\u00f3 que el herido se encontraba en una vivienda de la manzana G.<\/p>\n\n\n\n<p>Con esta informaci\u00f3n, una movilidad se dirigi\u00f3 hasta la escena y encontraron a Le\u00f3n\u00a0<mark>gravemente lesionado<\/mark>. Cuando lo identificaron, supieron que ten\u00eda medidas pendientes con la Justicia y prontuario.<\/p>\n\n\n\n<p>El mismo joven habl\u00f3 con los efectivos y le cont\u00f3, escuetamente, que hab\u00eda sido interceptado por\u00a0<em>\u201centre 4 y 5 sujetos\u201d<\/em>, sin aportar el lugar espec\u00edfico del ataque.<\/p>\n\n\n\n<p>En el nosocomio del oeste capitalino fue atendido por la guardia y los m\u00e9dicos diagnosticaron\u00a0<mark>dos heridas de arma de fuego<\/mark>\u00a0(en el brazo derecho y en ese sector de la espalda) y \u201cm\u00faltiples lesiones\u201d cortantes en la cabeza, adem\u00e1s de una lesi\u00f3n vascular del citado brazo.<\/p>\n\n\n\n<p><strong>Fuente: www.elsol.com.ar<\/strong><\/p>\n","protected":false},"excerpt":{"rendered":"<p>Un joven de 19 a\u00f1os fue golpeado y baleado la noche de este domingo en el\u00a0barrio San Mart\u00edn de Ciudad\u00a0y\u00a0su madre se enter\u00f3 del ataque cuando le enviaron un video del hecho. La informaci\u00f3n policial sostiene que la v\u00edctima, quien ten\u00eda antecedentes y un pedido de captura vigente, qued\u00f3 internada en el\u00a0Hospital Lagomaggiore. Por llamados [&hellip;]<\/p>\n","protected":false},"author":2,"featured_media":1894,"comment_status":"open","ping_status":"open","sticky":false,"template":"","format":"standard","meta":[],"categories":[48],"tags":[],"_links":{"self":[{"href":"https:\/\/pasaenmendoza.com\/index.php?rest_route=\/wp\/v2\/posts\/1893"}],"collection":[{"href":"https:\/\/pasaenmendoza.com\/index.php?rest_route=\/wp\/v2\/posts"}],"about":[{"href":"https:\/\/pasaenmendoza.com\/index.php?rest_route=\/wp\/v2\/types\/post"}],"author":[{"embeddable":true,"href":"https:\/\/pasaenmendoza.com\/index.php?rest_route=\/wp\/v2\/users\/2"}],"replies":[{"embeddable":true,"href":"https:\/\/pasaenmendoza.com\/index.php?rest_route=%2Fwp%2Fv2%2Fcomments&post=1893"}],"version-history":[{"count":1,"href":"https:\/\/pasaenmendoza.com\/index.php?rest_route=\/wp\/v2\/posts\/1893\/revisions"}],"predecessor-version":[{"id":1895,"href":"https:\/\/pasaenmendoza.com\/index.php?rest_route=\/wp\/v2\/posts\/1893\/revisions\/1895"}],"wp:featuredmedia":[{"embeddable":true,"href":"https:\/\/pasaenmendoza.com\/index.php?rest_route=\/wp\/v2\/media\/1894"}],"wp:attachment":[{"href":"https:\/\/pasaenmendoza.com\/index.php?rest_route=%2Fwp%2Fv2%2Fmedia&parent=1893"}],"wp:term":[{"taxonomy":"category","embeddable":true,"href":"https:\/\/pasaenmendoza.com\/index.php?rest_route=%2Fwp%2Fv2%2Fcategories&post=1893"},{"taxonomy":"post_tag","embeddable":true,"href":"https:\/\/pasaenmendoza.com\/index.php?rest_route=%2Fwp%2Fv2%2Ftags&post=1893"}],"curies":[{"name":"wp","href":"https:\/\/api.w.org\/{rel}","templated":true}]}}