{"id":1896,"date":"2023-10-02T15:54:18","date_gmt":"2023-10-02T13:54:18","guid":{"rendered":"https:\/\/pasaenmendoza.com\/?p=1896"},"modified":"2023-10-02T15:54:20","modified_gmt":"2023-10-02T13:54:20","slug":"los-detuvieron-por-forzar-la-reja-de-un-local-del-centro-y-robar-relojes","status":"publish","type":"post","link":"https:\/\/pasaenmendoza.com\/?p=1896","title":{"rendered":"Los detuvieron por forzar la reja de un local del centro y robar relojes"},"content":{"rendered":"\n<p>En la madrugada de este domingo tres hombres fueron detenidos en la Ciudad de Mendoza. Entre ellos, un menor de edad. Hab\u00edan robado en un comercio.<\/p>\n\n\n\n<p>A las 02.30, un llamado al 911 alert\u00f3 que unas personas estaban forzando las rejas de un local comercial ubicado en la calle General Paz entre San Mart\u00edn y 9 de Julio.\u00a0<\/p>\n\n\n\n<p>Al llegar el personal policial observaron da\u00f1os en la vidriera y manchas hem\u00e1ticas por lo que comenzaron a recorrer la zona y lograron dar con tres sospechosos en calle San Mart\u00edn y Godoy Cruz.<\/p>\n\n\n\n<p>Las tres personas coincid\u00edan con las caracter\u00edsticas que aport\u00f3 el testigo que llam\u00f3 a la Polic\u00eda.<\/p>\n\n\n\n<p>Uno de los detenidos ten\u00eda una lesi\u00f3n en la mano y al revisarlos ten\u00edan cuatro relojes pulsera del local Mundo \u00c1frica.<\/p>\n\n\n\n<p>En el lugar trabaj\u00f3 personal de Polic\u00eda Cient\u00edfica y los detenidos fueron trasladados a Comisar\u00eda 4\u00b0 a disposici\u00f3n de la Oficina Fiscal y se dio intervenci\u00f3n al Equipo T\u00e9cnico Interdisciplinario (ETI) porque uno de ellos es menor de edad.<\/p>\n\n\n\n<p>Interviene la Oficina Fiscal N\u00famero 13 de la Comisar\u00eda 4\u00b0.<\/p>\n\n\n\n<p><strong>Fuente: www.mendozapost.com<\/strong><\/p>\n","protected":false},"excerpt":{"rendered":"<p>En la madrugada de este domingo tres hombres fueron detenidos en la Ciudad de Mendoza. Entre ellos, un menor de edad. Hab\u00edan robado en un comercio. A las 02.30, un llamado al 911 alert\u00f3 que unas personas estaban forzando las rejas de un local comercial ubicado en la calle General Paz entre San Mart\u00edn y [&hellip;]<\/p>\n","protected":false},"author":2,"featured_media":1897,"comment_status":"open","ping_status":"open","sticky":false,"template":"","format":"standard","meta":[],"categories":[48],"tags":[],"_links":{"self":[{"href":"https:\/\/pasaenmendoza.com\/index.php?rest_route=\/wp\/v2\/posts\/1896"}],"collection":[{"href":"https:\/\/pasaenmendoza.com\/index.php?rest_route=\/wp\/v2\/posts"}],"about":[{"href":"https:\/\/pasaenmendoza.com\/index.php?rest_route=\/wp\/v2\/types\/post"}],"author":[{"embeddable":true,"href":"https:\/\/pasaenmendoza.com\/index.php?rest_route=\/wp\/v2\/users\/2"}],"replies":[{"embeddable":true,"href":"https:\/\/pasaenmendoza.com\/index.php?rest_route=%2Fwp%2Fv2%2Fcomments&post=1896"}],"version-history":[{"count":1,"href":"https:\/\/pasaenmendoza.com\/index.php?rest_route=\/wp\/v2\/posts\/1896\/revisions"}],"predecessor-version":[{"id":1898,"href":"https:\/\/pasaenmendoza.com\/index.php?rest_route=\/wp\/v2\/posts\/1896\/revisions\/1898"}],"wp:featuredmedia":[{"embeddable":true,"href":"https:\/\/pasaenmendoza.com\/index.php?rest_route=\/wp\/v2\/media\/1897"}],"wp:attachment":[{"href":"https:\/\/pasaenmendoza.com\/index.php?rest_route=%2Fwp%2Fv2%2Fmedia&parent=1896"}],"wp:term":[{"taxonomy":"category","embeddable":true,"href":"https:\/\/pasaenmendoza.com\/index.php?rest_route=%2Fwp%2Fv2%2Fcategories&post=1896"},{"taxonomy":"post_tag","embeddable":true,"href":"https:\/\/pasaenmendoza.com\/index.php?rest_route=%2Fwp%2Fv2%2Ftags&post=1896"}],"curies":[{"name":"wp","href":"https:\/\/api.w.org\/{rel}","templated":true}]}}