{"id":1899,"date":"2023-10-02T22:51:08","date_gmt":"2023-10-02T20:51:08","guid":{"rendered":"https:\/\/pasaenmendoza.com\/?p=1899"},"modified":"2023-10-02T22:51:09","modified_gmt":"2023-10-02T20:51:09","slug":"elecciones-2023-los-candidatos-mendocinos-al-congreso-debatiran-sobre-sus-propuestas-educativas","status":"publish","type":"post","link":"https:\/\/pasaenmendoza.com\/?p=1899","title":{"rendered":"Elecciones 2023: los candidatos mendocinos al Congreso debatir\u00e1n sobre sus propuestas educativas"},"content":{"rendered":"\n<p>A menos de tres semanas de las elecciones 2023 y\u00a0un d\u00eda despu\u00e9s del debate de candidatos a presidente,\u00a0<strong>Mart\u00edn Aveiro, Lisandro Nieri, Laura Espeche y Mirta D\u00edaz debatir\u00e1n sobre educaci\u00f3n<\/strong>\u00a0en un encuentro organizado por la Facultad de Educaci\u00f3n de la UNCuyo. Los representantes de la lista de Javier Milei a\u00fan no confirmaron su presencia.<\/p>\n\n\n\n<p>Los candidatos de las listas nacionales expondr\u00e1n y explicar\u00e1n las propuestas educativas que forman parte de las plataformas partidarias de la f\u00f3rmula presidencial este mi\u00e9rcoles desde las 19, en el aula Este Oeste de la sede Centro de la Facultad de Educaci\u00f3n que se ubica en Sobremonte 81 de la Ciudad de Mendoza. El debate ser\u00e1 moderado por el periodista de radio Nihuil y profesor de la carrera de Comunicaci\u00f3n Carlos Hern\u00e1ndez.<\/p>\n\n\n\n<p>Seg\u00fan dijeron desde la Facultad de Educaci\u00f3n a\u00a0<strong>Diario UNO<\/strong>, son cuatro los exponentes que confirmaron su presencia:\u00a0<strong>los candidatos a diputados nacionales de Uni\u00f3n por la Patria (Aveiro), de Juntos por el Cambio (Nieri) y del Frente de Izquierda-U (Espeche) y la candidata al Parlasur de Hacemos por nuestro pa\u00eds (D\u00edaz)<\/strong>.<\/p>\n\n\n\n<p>Se espera la respuesta de Mercedes Llano, primera candidata a diputada de la Libertad Avanza, o de alg\u00fan representante de la lista.<\/p>\n\n\n\n<h2 class=\"wp-block-heading\">Qu\u00e9 tienen pensado los candidatos para mejorar la educaci\u00f3n en Argentina<\/h2>\n\n\n\n<p>Con esa consigna fueron invitados los espacios pol\u00edticos con representantes mendocinos que llevan candidato a presidente en las elecciones del 22 de octubre. A este lunes, de los cinco frentes convocados, cuatro confirmaron al representante que tomar\u00e1 la palabra.<\/p>\n\n\n\n<p>La presencia o no del frente de Javier Milei, el m\u00e1s votado en Mendoza, es una inc\u00f3gnita.<\/p>\n\n\n\n<p>Seg\u00fan dijeron desde la facultad, la iniciativa busca ofrecer una oportunidad para que los candidatos se expresen y detallen sus propuestas en el \u00e1mbito de la educaci\u00f3n.<\/p>\n\n\n\n<p>Un dato importante a tener en cuenta es que\u00a0<strong>se permitir\u00e1 la participaci\u00f3n ciudadana con preguntas formuladas por escrito<\/strong>.<\/p>\n\n\n\n<p>El debate ser\u00e1 transmitido en vivo por streaming a trav\u00e9s del Canal de Youtube de la Facultad de Educaci\u00f3n.<\/p>\n\n\n\n<h2 class=\"wp-block-heading\">Los candidatos que dieron el s\u00ed<\/h2>\n\n\n\n<p><strong>Mart\u00edn Aveiro<\/strong>, actual intendente de Tunuy\u00e1n y concejal electo por el mismo departamento, encabeza la lista de candidatos a diputados nacionales que acompa\u00f1a a Sergio Massa como candidato a presidente.<\/p>\n\n\n\n<p><strong>Lisandro Nieri<\/strong>, actual diputado nacional, busca la renovaci\u00f3n en el cargo encabezando la lista que lleva a Patricia Bullrich como candidata a presidenta.<\/p>\n\n\n\n<p>En tanto que&nbsp;<strong>Laura Espeche<\/strong>&nbsp;es docente y la primera candidata a diputada nacional de la lista de Miryam Bregman.<\/p>\n\n\n\n<p><strong>Mirta D\u00edaz<\/strong>, presidenta del C\u00edrculo de Periodistas de Mendoza, es la mendocina que aparece entre los candidatos de parlamentarios del Mercosur a nivel nacional en la lista del cordob\u00e9s Juan Schiaretti.<\/p>\n\n\n\n<h2 class=\"wp-block-heading\">Educaci\u00f3n en el debate de candidatos a presidente 2023<\/h2>\n\n\n\n<p>La educaci\u00f3n fue el segundo tema sobre el que tuvieron que debatir los cinco candidatos a presidente para las elecciones del 22 de octubre.<\/p>\n\n\n\n<p>El candidato presidencial de Uni\u00f3n por la Patria, Sergio Massa, defendi\u00f3 la educaci\u00f3n &#8220;p\u00fablica y gratuita&#8221; como el &#8220;mejor remedio contra la pobreza y para asegurar la movilidad social ascendente&#8221;.<\/p>\n\n\n\n<p>La candidata de Juntos por el Cambio, Patricia Bullrich, afirm\u00f3 que si Domingo Faustino Sarmiento escuchara a sus rivales y al Gobierno hablar sobre educaci\u00f3n &#8220;les pone un cero y los manda a marzo&#8221;.<\/p>\n\n\n\n<p>Bullrich acus\u00f3 a Massa de ser &#8220;aliado de los gremios&#8221; y prometi\u00f3 que si llega a ser presidenta &#8220;la historia de los paros y el adoctrinamiento se termina&#8221;.<\/p>\n\n\n\n<p>El candidato presidencial de Hacemos por Nuestro Pa\u00eds, Juan Schiaretti, dijo que &#8220;la educaci\u00f3n es la que hace libres a las personas y la que promueve la ascensi\u00f3n social&#8221; y sostuvo que por ello &#8220;hay que garantizar la educaci\u00f3n libre y gratuita&#8221;.<\/p>\n\n\n\n<p>&#8220;En C\u00f3rdoba tenemos la jornada extendida y el 44% de las escuelas tienen orientaci\u00f3n t\u00e9cnica&#8221;, afirm\u00f3 en el debate presidencial en Santiago del Estero. Tambi\u00e9n destac\u00f3 que &#8220;el salario inicial&#8221; docente en C\u00f3rdoba -donde es gobernador- &#8220;es el m\u00e1s alto del pa\u00eds&#8221;.<\/p>\n\n\n\n<p>En materia educativa, el economista y postulante de LLA Javier Milei se\u00f1al\u00f3 que su propuesta consiste en cambiar la forma en que el Estado financia la educaci\u00f3n pasando a financiar &#8220;la demanda&#8221;, a trav\u00e9s del sistema de vouchers, y no solventando &#8220;la oferta&#8221;, como ocurre en la actualidad.<\/p>\n\n\n\n<p><strong>Fuente: www.diariouno.com.ar<\/strong><\/p>\n","protected":false},"excerpt":{"rendered":"<p>A menos de tres semanas de las elecciones 2023 y\u00a0un d\u00eda despu\u00e9s del debate de candidatos a presidente,\u00a0Mart\u00edn Aveiro, Lisandro Nieri, Laura Espeche y Mirta D\u00edaz debatir\u00e1n sobre educaci\u00f3n\u00a0en un encuentro organizado por la Facultad de Educaci\u00f3n de la UNCuyo. Los representantes de la lista de Javier Milei a\u00fan no confirmaron su presencia. Los candidatos [&hellip;]<\/p>\n","protected":false},"author":2,"featured_media":1900,"comment_status":"open","ping_status":"open","sticky":false,"template":"","format":"standard","meta":[],"categories":[47],"tags":[],"_links":{"self":[{"href":"https:\/\/pasaenmendoza.com\/index.php?rest_route=\/wp\/v2\/posts\/1899"}],"collection":[{"href":"https:\/\/pasaenmendoza.com\/index.php?rest_route=\/wp\/v2\/posts"}],"about":[{"href":"https:\/\/pasaenmendoza.com\/index.php?rest_route=\/wp\/v2\/types\/post"}],"author":[{"embeddable":true,"href":"https:\/\/pasaenmendoza.com\/index.php?rest_route=\/wp\/v2\/users\/2"}],"replies":[{"embeddable":true,"href":"https:\/\/pasaenmendoza.com\/index.php?rest_route=%2Fwp%2Fv2%2Fcomments&post=1899"}],"version-history":[{"count":1,"href":"https:\/\/pasaenmendoza.com\/index.php?rest_route=\/wp\/v2\/posts\/1899\/revisions"}],"predecessor-version":[{"id":1901,"href":"https:\/\/pasaenmendoza.com\/index.php?rest_route=\/wp\/v2\/posts\/1899\/revisions\/1901"}],"wp:featuredmedia":[{"embeddable":true,"href":"https:\/\/pasaenmendoza.com\/index.php?rest_route=\/wp\/v2\/media\/1900"}],"wp:attachment":[{"href":"https:\/\/pasaenmendoza.com\/index.php?rest_route=%2Fwp%2Fv2%2Fmedia&parent=1899"}],"wp:term":[{"taxonomy":"category","embeddable":true,"href":"https:\/\/pasaenmendoza.com\/index.php?rest_route=%2Fwp%2Fv2%2Fcategories&post=1899"},{"taxonomy":"post_tag","embeddable":true,"href":"https:\/\/pasaenmendoza.com\/index.php?rest_route=%2Fwp%2Fv2%2Ftags&post=1899"}],"curies":[{"name":"wp","href":"https:\/\/api.w.org\/{rel}","templated":true}]}}