{"id":1907,"date":"2023-10-02T23:12:22","date_gmt":"2023-10-02T21:12:22","guid":{"rendered":"https:\/\/pasaenmendoza.com\/?p=1907"},"modified":"2023-10-02T23:12:23","modified_gmt":"2023-10-02T21:12:23","slug":"patricia-bullrich-destaco-que-solo-ella-y-bregman-hablaron-de-insaurrralde-en-el-debate-presidencial","status":"publish","type":"post","link":"https:\/\/pasaenmendoza.com\/?p=1907","title":{"rendered":"Patricia Bullrich destac\u00f3 que s\u00f3lo ella y Bregman hablaron de Insaurrralde en el debate presidencial"},"content":{"rendered":"\n<p>La candidata presidencial de Juntos por el Cambio,<strong>\u00a0Patricia Bullrich,<\/strong>\u00a0se jact\u00f3 de haber sido\u00a0<strong>&#8220;la \u00fanica candidata competitiva&#8221;<\/strong>\u00a0en haber mencionado en el\u00a0debate previo a las<strong>\u00a0elecciones 2023\u00a0<\/strong>el esc\u00e1ndalo que protagoniz\u00f3 el dirigente peronista Mart\u00edn Insaurralde, quien realiz\u00f3 un lujoso viaje por Europa con la modelo Sof\u00eda Clerici.<\/p>\n\n\n\n<p><strong>&#8220;Las \u00fanicas que hablaron de Insaurralde fueron Patricia Bullrich y Bregman; Milei, mudo&#8221;,<\/strong>&nbsp;afirm\u00f3 la referente del PRO y carg\u00f3 as\u00ed contra el l\u00edder de La Libertad Avanza.<\/p>\n\n\n\n<p>Asimismo, remarc\u00f3: &#8220;Evaluemos, si tomamos a candidatos de la oposici\u00f3n competitivos fui la \u00fanica&#8221;.<\/p>\n\n\n\n<h2 class=\"wp-block-heading\">Bullrich pidi\u00f3 que Insaurralde vaya a la c\u00e1rcel<\/h2>\n\n\n\n<p>Tras su exposici\u00f3n en el intercambio organizado por la Universidad Nacional de Santiago del Estero, la ex ministra de Seguridad hizo referencia a su cruce con el ministro de Econom\u00eda y aspirante presidencial de Uni\u00f3n por la Patria, Sergio Massa, sobre el tema.<\/p>\n\n\n\n<p>&#8220;Habl\u00e9, dije que cuando present\u00f3 una Ley Penal contra aquellos que no blanqueaban sus d\u00f3lares, entonces dije que se lleven al primer preso, Insaurralde, ah\u00ed lo tienen.<strong>&nbsp;El primero que va a esa c\u00e1rcel es Insaurralde&#8221;,&nbsp;<\/strong>afirm\u00f3 Bullrich.<\/p>\n\n\n\n<p>Al ser consultada por las encuestas que aseguran que Juntos por el Cambio perdi\u00f3 caudal de votos, Bullrich subray\u00f3: &#8220;<strong>Hay una posibilidad de cambio o continuidad, nosotros mostramos que la continuidad es Massa y que Milei est\u00e1 comenzando a pensar que hay actores del mismo sistema que son los que le pueden dar la pata que no tiene, dijo que Barrionuevo hab\u00eda cambiando&#8221;.<\/strong><\/p>\n\n\n\n<p><strong>Est\u00e1 claro que el cambio es un cambio que necesita espaldas y nosotros la tenemos, tenemos gobernadores, la mayor\u00eda parlamentaria, intendentes y as\u00ed se construye el cambio<\/strong><\/p>\n\n\n\n<p>En la misma l\u00ednea, indic\u00f3: &#8220;No hacemos un rejunte de \u00faltimo momento. Hay una diferencia muy grande entre lo que est\u00e1 sucediendo en la fuerza de Milei y el cinismo de Massa, que me contest\u00f3 que ser\u00e1 presidente el pr\u00f3ximo gobierno y que en este no est\u00e1. Es el ministro de Econom\u00eda, el cinismo de poder separarse todo el tiempo&#8221;.<\/p>\n\n\n\n<p><strong>&#8220;Hay que volver a mirar el debate&#8221;,\u00a0<\/strong>pidi\u00f3 Bullrich, quien cursa un cuadro gripal y deber\u00e1 reponerse para poder participar del segundo encuentro de los candidatos presidenciales.<\/p>\n\n\n\n<p><strong>Fuente: www.diariouno.com.ar<\/strong><\/p>\n","protected":false},"excerpt":{"rendered":"<p>La candidata presidencial de Juntos por el Cambio,\u00a0Patricia Bullrich,\u00a0se jact\u00f3 de haber sido\u00a0&#8220;la \u00fanica candidata competitiva&#8221;\u00a0en haber mencionado en el\u00a0debate previo a las\u00a0elecciones 2023\u00a0el esc\u00e1ndalo que protagoniz\u00f3 el dirigente peronista Mart\u00edn Insaurralde, quien realiz\u00f3 un lujoso viaje por Europa con la modelo Sof\u00eda Clerici. &#8220;Las \u00fanicas que hablaron de Insaurralde fueron Patricia Bullrich y Bregman; [&hellip;]<\/p>\n","protected":false},"author":2,"featured_media":1908,"comment_status":"open","ping_status":"open","sticky":false,"template":"","format":"standard","meta":[],"categories":[67],"tags":[],"_links":{"self":[{"href":"https:\/\/pasaenmendoza.com\/index.php?rest_route=\/wp\/v2\/posts\/1907"}],"collection":[{"href":"https:\/\/pasaenmendoza.com\/index.php?rest_route=\/wp\/v2\/posts"}],"about":[{"href":"https:\/\/pasaenmendoza.com\/index.php?rest_route=\/wp\/v2\/types\/post"}],"author":[{"embeddable":true,"href":"https:\/\/pasaenmendoza.com\/index.php?rest_route=\/wp\/v2\/users\/2"}],"replies":[{"embeddable":true,"href":"https:\/\/pasaenmendoza.com\/index.php?rest_route=%2Fwp%2Fv2%2Fcomments&post=1907"}],"version-history":[{"count":1,"href":"https:\/\/pasaenmendoza.com\/index.php?rest_route=\/wp\/v2\/posts\/1907\/revisions"}],"predecessor-version":[{"id":1909,"href":"https:\/\/pasaenmendoza.com\/index.php?rest_route=\/wp\/v2\/posts\/1907\/revisions\/1909"}],"wp:featuredmedia":[{"embeddable":true,"href":"https:\/\/pasaenmendoza.com\/index.php?rest_route=\/wp\/v2\/media\/1908"}],"wp:attachment":[{"href":"https:\/\/pasaenmendoza.com\/index.php?rest_route=%2Fwp%2Fv2%2Fmedia&parent=1907"}],"wp:term":[{"taxonomy":"category","embeddable":true,"href":"https:\/\/pasaenmendoza.com\/index.php?rest_route=%2Fwp%2Fv2%2Fcategories&post=1907"},{"taxonomy":"post_tag","embeddable":true,"href":"https:\/\/pasaenmendoza.com\/index.php?rest_route=%2Fwp%2Fv2%2Ftags&post=1907"}],"curies":[{"name":"wp","href":"https:\/\/api.w.org\/{rel}","templated":true}]}}