{"id":1910,"date":"2023-10-02T23:28:50","date_gmt":"2023-10-02T21:28:50","guid":{"rendered":"https:\/\/pasaenmendoza.com\/?p=1910"},"modified":"2023-10-02T23:28:51","modified_gmt":"2023-10-02T21:28:51","slug":"la-destacada-visita-de-un-ceo-de-empresa-internacional-de-tecnologia-a-junin-punto-limpio","status":"publish","type":"post","link":"https:\/\/pasaenmendoza.com\/?p=1910","title":{"rendered":"La destacada visita de un CEO de empresa internacional de tecnolog\u00eda a Jun\u00edn Punto Limpio"},"content":{"rendered":"\n<p>Con la intenci\u00f3n de impulsar la primera planta de fabricaci\u00f3n de microcomputadoras en el pa\u00eds, la Municipalidad de\u00a0<strong>Jun\u00edn\u00a0<\/strong>recibi\u00f3 al\u00a0<strong>CEO\u00a0<\/strong>de Linux Argentina y a integrantes de la Fundaci\u00f3n Sodetec, donde qued\u00f3 expresado el deseo de iniciar el montaje en serie, a partir de la firma de un convenio de colaboraci\u00f3n mutua.<\/p>\n\n\n\n<p>El objetivo es presentar el modelo Linux en la Regi\u00f3n Cuyo y la Planta de Reciclado\u00a0<strong>Jun\u00edn Punto Limpio\u00a0<\/strong>fue elegida como referencia por su desarrollo tecnol\u00f3gico, inversi\u00f3n e innovaci\u00f3n para transformar la vida de sus habitantes. De esta manera, ser\u00e1 el departamento quien lleve adelante pol\u00edticas de desarrollo tecnol\u00f3gico, relacionadas con robotizaci\u00f3n, educaci\u00f3n en nuevas\u00a0<strong>tecnolog\u00edas\u00a0<\/strong>y para enfrentar la problem\u00e1tica que significa la generaci\u00f3n de este tipo de residuo.<\/p>\n\n\n\n<p>Adem\u00e1s, la intenci\u00f3n es sumar a las Universidades que forman parte del Centro Universitario a convenios que permitan fortificar el desarrollo y la industria de la econom\u00eda circular, siempre bajo el firme compromiso del reciclado de pl\u00e1sticos y luminarias.<\/p>\n\n\n\n<p>\u201cEl primer objetivo es la capacitaci\u00f3n de estudiantes de tecnolog\u00eda en el Centro Universitario. Sin embargo, sabemos que va a crecer la cantidad, porque la demanda de formaci\u00f3n en tecnolog\u00eda es hoy palpable en toda la sociedad. La intenci\u00f3n es que los j\u00f3venes puedan tener la oportunidad de acceder a formarse, adquirir herramientas y conocimientos que le permitan desplegar sus capacidades en la industria inform\u00e1tica, en la econom\u00eda del conocimiento y con la posibilidad ya no de tener que emigrar para estudiar, sino de hacerlo aqu\u00ed, desde su hogar. Estamos orgullosos de ser parte de esta oportunidad para nuestros j\u00f3venes\u201d, expres\u00f3 Mario Abed, vicegobernador de Mendoza; quien estuvo acompa\u00f1ado de H\u00e9ctor Ruiz, intendente de\u00a0<strong>Jun\u00edn<\/strong>; Ricardo Morcos, presidente del HCD; Mario Ana, senador provincial; Jorge Cabeza, CEO de Linux Argentina; y Carlos Dalessandro, presidente de la Fundaci\u00f3n Sodetec.<\/p>\n\n\n\n<p>\u201cEl pr\u00f3ximo paso es que&nbsp;<strong>Jun\u00edn&nbsp;<\/strong>ingrese con mucha audacia en la econom\u00eda del conocimiento, apostando a la construcci\u00f3n en su propio territorio de estas microcomputadoras que son de arquitectura abierta. Esto est\u00e1 disponible libremente para quien tenga las capacidades y las habilidades. El desarrollo de estas m\u00e1quinas es parte tambi\u00e9n de lo que venimos a ofrecer\u201d, aport\u00f3 Cabeza.<\/p>\n\n\n\n<p>\u201cEstuvimos buscando municipios donde poder identificarnos con el desarrollo tecnol\u00f3gico e inversi\u00f3n en innovaci\u00f3n y encontramos en&nbsp;<strong>Jun\u00edn&nbsp;<\/strong>uno de los modelos que describimos como innovaci\u00f3n para transformar las ciudades. Este va a ser el primer convenio, sobre todo en la regi\u00f3n Cuyo. Hemos decidido que sea&nbsp;<strong>Jun\u00edn<\/strong>&nbsp;el que lleve adelante las pol\u00edticas de desarrollo para la regi\u00f3n\u201d, confi\u00f3 Dalessandro.<\/p>\n\n\n\n<p><strong>Fuente: www.diariomendoza.com.ar<\/strong><\/p>\n","protected":false},"excerpt":{"rendered":"<p>Con la intenci\u00f3n de impulsar la primera planta de fabricaci\u00f3n de microcomputadoras en el pa\u00eds, la Municipalidad de\u00a0Jun\u00edn\u00a0recibi\u00f3 al\u00a0CEO\u00a0de Linux Argentina y a integrantes de la Fundaci\u00f3n Sodetec, donde qued\u00f3 expresado el deseo de iniciar el montaje en serie, a partir de la firma de un convenio de colaboraci\u00f3n mutua. El objetivo es presentar el [&hellip;]<\/p>\n","protected":false},"author":2,"featured_media":1911,"comment_status":"open","ping_status":"open","sticky":false,"template":"","format":"standard","meta":[],"categories":[50],"tags":[],"_links":{"self":[{"href":"https:\/\/pasaenmendoza.com\/index.php?rest_route=\/wp\/v2\/posts\/1910"}],"collection":[{"href":"https:\/\/pasaenmendoza.com\/index.php?rest_route=\/wp\/v2\/posts"}],"about":[{"href":"https:\/\/pasaenmendoza.com\/index.php?rest_route=\/wp\/v2\/types\/post"}],"author":[{"embeddable":true,"href":"https:\/\/pasaenmendoza.com\/index.php?rest_route=\/wp\/v2\/users\/2"}],"replies":[{"embeddable":true,"href":"https:\/\/pasaenmendoza.com\/index.php?rest_route=%2Fwp%2Fv2%2Fcomments&post=1910"}],"version-history":[{"count":1,"href":"https:\/\/pasaenmendoza.com\/index.php?rest_route=\/wp\/v2\/posts\/1910\/revisions"}],"predecessor-version":[{"id":1912,"href":"https:\/\/pasaenmendoza.com\/index.php?rest_route=\/wp\/v2\/posts\/1910\/revisions\/1912"}],"wp:featuredmedia":[{"embeddable":true,"href":"https:\/\/pasaenmendoza.com\/index.php?rest_route=\/wp\/v2\/media\/1911"}],"wp:attachment":[{"href":"https:\/\/pasaenmendoza.com\/index.php?rest_route=%2Fwp%2Fv2%2Fmedia&parent=1910"}],"wp:term":[{"taxonomy":"category","embeddable":true,"href":"https:\/\/pasaenmendoza.com\/index.php?rest_route=%2Fwp%2Fv2%2Fcategories&post=1910"},{"taxonomy":"post_tag","embeddable":true,"href":"https:\/\/pasaenmendoza.com\/index.php?rest_route=%2Fwp%2Fv2%2Ftags&post=1910"}],"curies":[{"name":"wp","href":"https:\/\/api.w.org\/{rel}","templated":true}]}}