{"id":1913,"date":"2023-10-03T13:43:07","date_gmt":"2023-10-03T11:43:07","guid":{"rendered":"https:\/\/pasaenmendoza.com\/?p=1913"},"modified":"2023-10-03T13:43:08","modified_gmt":"2023-10-03T11:43:08","slug":"por-massa-los-peronistas-de-mendoza-olvidaron-sus-codazos-y-traiciones","status":"publish","type":"post","link":"https:\/\/pasaenmendoza.com\/?p=1913","title":{"rendered":"Por Massa, los peronistas de Mendoza olvidaron sus codazos y traiciones"},"content":{"rendered":"\n<p>Reaparecieron en la sede peronista tras abandonar a Omar De Marchi dirigentes como Roberto Righi. Apoyo a la candidatura de Mart\u00edn Aveiro pero, sobre todo, Massa como objetivo.<\/p>\n\n\n\n<p>Llegaron desde diversas experiencias reciente. Hace solo una semana,\u00a0<strong>unos votaban a Omar Parisi y otros, a Omar De Marchi.\u00a0<\/strong>Pero es la posibilidad de que Massa los reciba a todos en un futuro gobierno con los brazos abiertos lo que los alent\u00f3 a sonreir ante la foto.<\/p>\n\n\n\n<p>Los dirigentes que fueron parte de\u00a0<strong>Eleg\u00ed Mendoza<\/strong>\u00a0y lo son de\u00a0<strong>Uni\u00f3n por la Patria<\/strong>, junto a los que se la jugaron -en vano- con\u00a0<strong>La Uni\u00f3n Mendocina<\/strong>, se exhibieron juntos:<\/p>\n\n\n\n<p>El &#8220;<strong>Encuentro de Unidad en el PJ<\/strong>&#8221; se realiz\u00f3 en la sede del Partido Justicialista de Avenida Espa\u00f1a, en la Ciudad de Mendoza, y sirvi\u00f3 de respaldo adem\u00e1s al candidato a diputado nacional por Uni\u00f3n por la Patria, el electo concejal de Tunuy\u00e1n y actual intendente&nbsp;<strong>Mart\u00edn Aveiro<\/strong>.<\/p>\n\n\n\n<p>Participaron&nbsp;<strong>Roberto Righi<\/strong>&nbsp;y&nbsp;<strong>Diego Mart\u00ednez Palau<\/strong>, que se hab\u00edan alineado a las filas de La Uni\u00f3n Mendocina, que a cinco d\u00edas del experimento electoral dejaron a De Marchi solo.<\/p>\n\n\n\n<p>Participaron la intendenta de Santa Rosa y presidenta del PJ,&nbsp;<strong>Flor Dest\u00e9fanis;<\/strong>&nbsp;su par de Maip\u00fa,&nbsp;<strong>Mat\u00edas Stevanato;<\/strong>&nbsp;el de La Paz, Fernando Ubieta; el diputado nacional&nbsp;<strong>Adolfo Bermejo&nbsp;<\/strong>y la dirigente del Frente Renovador,&nbsp;<strong>Gabriela Lizana.<\/strong>&nbsp;Tambi\u00e9n el intendente electo de Tunuy\u00e1n,&nbsp;<strong>Emir Andraos<\/strong>; el electo intendente de Malarg\u00fce,&nbsp;<strong>Celso Jaque<\/strong>; el electo intendente de Lavalle,&nbsp;<strong>Edgardo Gonz\u00e1lez<\/strong>; la f\u00f3rmula que compiti\u00f3 para la gobernaci\u00f3n,&nbsp;<strong>Omar Parisi<\/strong>&nbsp;y&nbsp;<strong>Lucas Ilardo<\/strong>; el dirigente y funcionrio nacional de Canciller\u00eda&nbsp;<strong>Guillermo Carmona<\/strong>, entre otros.<\/p>\n\n\n\n<p>Se\u00f1alaron que&nbsp;<strong>la siguiente etapa de campa\u00f1a involucrar\u00e1 al movimiento en su conjunto, con la intenci\u00f3n de impulsar la candidatura a presidente de Sergio Massa&nbsp;<\/strong>desde la provincia de Mendoza y de los candidatos y candidatas a diputados nacionales y del Parlasur de Uni\u00f3n por la Patria.<\/p>\n\n\n\n<p>En tal sentido se diagramar\u00e1 una agenda de coordinaci\u00f3n de tareas, de visitas de autoridades nacionales, que pondr\u00e1n en valor las gestiones hechas por el gobierno nacional en el \u00faltimo tiempo.<\/p>\n\n\n\n<p>El candidato a diputado nacional,&nbsp;<strong>Mart\u00edn Aveiro<\/strong>&nbsp;resumi\u00f3: &#8220;Esta campa\u00f1a nacional es fundamental en defensa de la democracia, de las instituciones, el federalismo, la educaci\u00f3n, la salud, el desarrollo, el progreso, por nuestros abuelos y la ni\u00f1ez. Lo que estamos trabajando es la necesidad de salir adelante, que la Argentina est\u00e9 un poco mejor&#8221;.<\/p>\n\n\n\n<p>En el mismo sentido la presidenta del Partido Justicialista,\u00a0<strong>Flor Dest\u00e9fanis\u00a0<\/strong>hizo foco en que hay que incluir a todos, y trabajar para que Massa sea el pr\u00f3ximo presidente. &#8220;Todos trabajaremos del mismo lado para obtener mejores resultados que en las PASO de agosto&#8221;, cerr\u00f3.<\/p>\n\n\n\n<p>FUENTE: memo.com.ar<\/p>\n","protected":false},"excerpt":{"rendered":"<p>Reaparecieron en la sede peronista tras abandonar a Omar De Marchi dirigentes como Roberto Righi. Apoyo a la candidatura de Mart\u00edn Aveiro pero, sobre todo, Massa como objetivo. Llegaron desde diversas experiencias reciente. Hace solo una semana,\u00a0unos votaban a Omar Parisi y otros, a Omar De Marchi.\u00a0Pero es la posibilidad de que Massa los reciba [&hellip;]<\/p>\n","protected":false},"author":2,"featured_media":1914,"comment_status":"open","ping_status":"open","sticky":true,"template":"","format":"standard","meta":[],"categories":[47],"tags":[],"_links":{"self":[{"href":"https:\/\/pasaenmendoza.com\/index.php?rest_route=\/wp\/v2\/posts\/1913"}],"collection":[{"href":"https:\/\/pasaenmendoza.com\/index.php?rest_route=\/wp\/v2\/posts"}],"about":[{"href":"https:\/\/pasaenmendoza.com\/index.php?rest_route=\/wp\/v2\/types\/post"}],"author":[{"embeddable":true,"href":"https:\/\/pasaenmendoza.com\/index.php?rest_route=\/wp\/v2\/users\/2"}],"replies":[{"embeddable":true,"href":"https:\/\/pasaenmendoza.com\/index.php?rest_route=%2Fwp%2Fv2%2Fcomments&post=1913"}],"version-history":[{"count":1,"href":"https:\/\/pasaenmendoza.com\/index.php?rest_route=\/wp\/v2\/posts\/1913\/revisions"}],"predecessor-version":[{"id":1915,"href":"https:\/\/pasaenmendoza.com\/index.php?rest_route=\/wp\/v2\/posts\/1913\/revisions\/1915"}],"wp:featuredmedia":[{"embeddable":true,"href":"https:\/\/pasaenmendoza.com\/index.php?rest_route=\/wp\/v2\/media\/1914"}],"wp:attachment":[{"href":"https:\/\/pasaenmendoza.com\/index.php?rest_route=%2Fwp%2Fv2%2Fmedia&parent=1913"}],"wp:term":[{"taxonomy":"category","embeddable":true,"href":"https:\/\/pasaenmendoza.com\/index.php?rest_route=%2Fwp%2Fv2%2Fcategories&post=1913"},{"taxonomy":"post_tag","embeddable":true,"href":"https:\/\/pasaenmendoza.com\/index.php?rest_route=%2Fwp%2Fv2%2Ftags&post=1913"}],"curies":[{"name":"wp","href":"https:\/\/api.w.org\/{rel}","templated":true}]}}