{"id":1919,"date":"2023-10-03T13:50:28","date_gmt":"2023-10-03T11:50:28","guid":{"rendered":"https:\/\/pasaenmendoza.com\/?p=1919"},"modified":"2023-10-03T13:50:29","modified_gmt":"2023-10-03T11:50:29","slug":"los-tres-escenarios-y-los-tres-planes-que-debe-estar-imaginando-cornejo","status":"publish","type":"post","link":"https:\/\/pasaenmendoza.com\/?p=1919","title":{"rendered":"Los tres escenarios y los tres planes que debe estar imaginando Cornejo"},"content":{"rendered":"\n<p>El gran desaf\u00edo que tiene por delante&nbsp;<strong>Alfredo Cornejo<\/strong>&nbsp;en su vuelta a la Gobernaci\u00f3n ser\u00e1 hacer crecer Mendoza para que el desarrollo y la generaci\u00f3n de riqueza permitan mejorar los indicadores econ\u00f3micos, los m\u00e1s sensibles y que manejan el humor de todos los dem\u00e1s. Es lo que se sabe y es lo que se repite a menudo imaginando lo que viene y sus urgencias.<\/p>\n\n\n\n<p>Ahora bien, m\u00e1s all\u00e1 del imperativo que envuelve a Cornejo y su gobierno, tambi\u00e9n se sabe que, de no cambiar el contexto nacional, el margen de maniobra ser\u00e1 acotado para la provincia y vale, adem\u00e1s, preguntarse si tanto a Cornejo como a Mendoza, a los fines de lo que se requiere obligatoriamente para que el borr\u00f3n y cuenta nueva que se busca afanosamente, los tres candidatos con m\u00e1s chances de llegar a la Presidencia garantizan por igual el nuevo escenario, la nueva configuraci\u00f3n y el cambio de contexto.<\/p>\n\n\n\n<p>Est\u00e1 claro que, si es por elegir, Cornejo prefiere a&nbsp;<strong>Patricia Bullrich<\/strong>&nbsp;en la Presidencia. Con ella \u2013imaginan en Mendoza\u2013 la nueva regi\u00f3n econ\u00f3mica con afinidades pol\u00edticas con la que sue\u00f1an en Cuyo sumando a Neuqu\u00e9n, \u201cvolar\u00edan\u201d potenciando la infraestructura vial, una econom\u00eda con base agr\u00edcola, industrial y exportadora y un empuje s\u00f3lido hacia el campo de la energ\u00eda y la miner\u00eda. No habr\u00eda trabas y, entre los cuatro mandatarios, sumado a ese eventual empuje de Bullrich en la Rosada, imaginan una suerte de revoluci\u00f3n econ\u00f3mica en todos los frentes, apoyada en correcciones y reformas en la estructura del Estado que facilitar\u00edan el rumbo hacia el nuevo orden.<\/p>\n\n\n\n<p>Pero, en realidad, Cornejo est\u00e1 obligado a imaginarse en el gobierno con alguno de los dos escenarios que menos quiere y a los que tendr\u00e1 que adaptarse, trabajo que ya est\u00e1 haciendo por dem\u00e1s y de mucho antes de que se comenzara a dudar en Juntos por el Cambio de la victoria segura con la que se fantaseaba algunos meses atr\u00e1s, antes de los males que comenzaron a afectar a la principal oposici\u00f3n y que hoy la colocan fuera del balotaje si se sigue la mayor\u00eda de las siempre relativas y pol\u00e9micas encuestas de opini\u00f3n pol\u00edtica.<\/p>\n\n\n\n<p>Si&nbsp;<strong>Javier Milei<\/strong>&nbsp;llega a la Presidencia, es probable que uno de sus rivales recientes en la lucha por la Gobernaci\u00f3n,&nbsp;<strong>Omar De Marchi<\/strong>, vea potenciada su figura. Esa aparente carencia de dirigentes y de volumen de figuras con experiencia de gesti\u00f3n que emerge alrededor del libertario, permite imaginar que De Marchi podr\u00eda llegar a ser tenido en cuenta para protagonizar un rol importante en el esquema de gobierno de quien marcha al frente de la contienda. De ser as\u00ed, \u00bfDe Marchi se convertir\u00eda en la llave de Mendoza a los necesarios pactos y acuerdos pol\u00edticos y econ\u00f3micos? Y, \u00bfcu\u00e1l ser\u00eda el papel, en ese caso, de lo que ha emergido como la nueva oposici\u00f3n en la provincia, La Uni\u00f3n Mendocina, con una referencia m\u00e1s cercana en la naci\u00f3n? Los enconos y rencores que se pusieron de manifiesto entre Cornejo y De Marchi, \u00bfse convertir\u00edan en una traba m\u00e1s de las tantas que ha tenido la Provincia para definir una visi\u00f3n estrat\u00e9gica cuando buena parte de su rumbo ha dependido de v\u00ednculos o resortes nacionales? Todo es una inc\u00f3gnita.<\/p>\n\n\n\n<p>Y, para el caso de que el elegido en la naci\u00f3n sea&nbsp;<strong>Sergio Massa<\/strong>, el peronismo de Mendoza podr\u00eda tener en sus manos una revalorizaci\u00f3n impensada. Es probable que esa soga salvadora cayese, por la naturaleza de Massa, m\u00e1s cerca de los dirigentes no K que en la conducci\u00f3n. Y en esa l\u00ednea,&nbsp;<strong>Mat\u00edas Stevanato<\/strong>&nbsp;se erige en una pieza clave y de los que m\u00e1s expectativa alimenta para llevar adelante la tarea de recuperaci\u00f3n del movimiento, asumiendo un papel de facilitador para la provincia, como&nbsp;<strong>Celso Jaque<\/strong>, desde Malarg\u00fce, y los hermanos&nbsp;<strong>Omar y Emir F\u00e9lix<\/strong>, desde San Rafael.<\/p>\n\n\n\n<p>No hay escenarios similares, no da lo mismo uno que otro, o unos que otra en la conducci\u00f3n nacional de cara a las nuevas direcciones que, s\u00ed o s\u00ed, tiene que tomar el pa\u00eds, casi todas diferentes a las que ha transitado hasta ahora si en verdad se quiere dar por terminada una etapa de puros fracasos. Es probable que los tres que tienen m\u00e1s chances coincidan en la necesidad de cambio y est\u00e1 claro tambi\u00e9n que si hay algo que los diferencia son los m\u00e9todos y planes.<\/p>\n\n\n\n<p>Pero que, de igual manera, los tres prometen y aseguran una salida del laberinto. Y para Mendoza y el nuevo gobierno, que registra, adem\u00e1s, la novedad de la vuelta de un ex gobernador, un hecho que no se ha dado en los cuarenta a\u00f1os de la democracia recuperada, implica asumir desaf\u00edos extraordinarios, entre ellos, la obligatoriedad de llevar adelante negociaciones sensibles entre viejos protagonistas, que se celan y sospechan por dem\u00e1s, pero que si se terminan dando escenarios que a algunos benefician y a otros no, tanto de ida como de vuelta, no podr\u00e1n evitar, por m\u00e1s que quieran.<\/p>\n\n\n\n<p>FUENTE: elsol.com.ar<\/p>\n","protected":false},"excerpt":{"rendered":"<p>El gran desaf\u00edo que tiene por delante&nbsp;Alfredo Cornejo&nbsp;en su vuelta a la Gobernaci\u00f3n ser\u00e1 hacer crecer Mendoza para que el desarrollo y la generaci\u00f3n de riqueza permitan mejorar los indicadores econ\u00f3micos, los m\u00e1s sensibles y que manejan el humor de todos los dem\u00e1s. Es lo que se sabe y es lo que se repite a [&hellip;]<\/p>\n","protected":false},"author":2,"featured_media":1920,"comment_status":"open","ping_status":"open","sticky":true,"template":"","format":"standard","meta":[],"categories":[47],"tags":[],"_links":{"self":[{"href":"https:\/\/pasaenmendoza.com\/index.php?rest_route=\/wp\/v2\/posts\/1919"}],"collection":[{"href":"https:\/\/pasaenmendoza.com\/index.php?rest_route=\/wp\/v2\/posts"}],"about":[{"href":"https:\/\/pasaenmendoza.com\/index.php?rest_route=\/wp\/v2\/types\/post"}],"author":[{"embeddable":true,"href":"https:\/\/pasaenmendoza.com\/index.php?rest_route=\/wp\/v2\/users\/2"}],"replies":[{"embeddable":true,"href":"https:\/\/pasaenmendoza.com\/index.php?rest_route=%2Fwp%2Fv2%2Fcomments&post=1919"}],"version-history":[{"count":1,"href":"https:\/\/pasaenmendoza.com\/index.php?rest_route=\/wp\/v2\/posts\/1919\/revisions"}],"predecessor-version":[{"id":1921,"href":"https:\/\/pasaenmendoza.com\/index.php?rest_route=\/wp\/v2\/posts\/1919\/revisions\/1921"}],"wp:featuredmedia":[{"embeddable":true,"href":"https:\/\/pasaenmendoza.com\/index.php?rest_route=\/wp\/v2\/media\/1920"}],"wp:attachment":[{"href":"https:\/\/pasaenmendoza.com\/index.php?rest_route=%2Fwp%2Fv2%2Fmedia&parent=1919"}],"wp:term":[{"taxonomy":"category","embeddable":true,"href":"https:\/\/pasaenmendoza.com\/index.php?rest_route=%2Fwp%2Fv2%2Fcategories&post=1919"},{"taxonomy":"post_tag","embeddable":true,"href":"https:\/\/pasaenmendoza.com\/index.php?rest_route=%2Fwp%2Fv2%2Ftags&post=1919"}],"curies":[{"name":"wp","href":"https:\/\/api.w.org\/{rel}","templated":true}]}}