{"id":1922,"date":"2023-10-03T13:54:37","date_gmt":"2023-10-03T11:54:37","guid":{"rendered":"https:\/\/pasaenmendoza.com\/?p=1922"},"modified":"2023-10-03T13:54:38","modified_gmt":"2023-10-03T11:54:38","slug":"dura-critica-de-rodolfo-suarez-al-plan-platita-de-sergio-massa","status":"publish","type":"post","link":"https:\/\/pasaenmendoza.com\/?p=1922","title":{"rendered":"Dura cr\u00edtica de Rodolfo Suarez al &#8220;plan platita&#8221; de Sergio Massa"},"content":{"rendered":"\n<p>El gobernador\u00a0<strong>Rodolfo Suarez\u00a0<\/strong>particip\u00f3 este lunes del Almuerzo de las Fuerzas Vivas, organizado por la C\u00e1mara de Comercio, Industria y Agropecuaria de San Rafael. El mandatario provincial\u00a0critic\u00f3 el &#8220;plan platita&#8221;\u00a0del ministro de Econom\u00eda y candidato presidencial de Uni\u00f3n por la Patria,\u00a0<strong>Sergio Massa<\/strong>. En tanto, rescat\u00f3 que Mendoza es la provincia con m\u00e1s d\u00edas de clases.\u00a0<\/p>\n\n\n\n<p>&#8220;Siempre he sostenido que el di\u00e1logo entre lo p\u00fablico y lo privado es lo que lleva a\u00a0quienes tenemos responsabilidad pol\u00edtica a implementar mejores pol\u00edtica p\u00fablicas&#8221;, dijo\u00a0<strong>Suarez\u00a0<\/strong>al comenzar su \u00faltima intervenci\u00f3n como gobernador en el tradicional almuerzo en territorio sure\u00f1o.<\/p>\n\n\n\n<p>Luego, carg\u00f3 contra el Gobierno nacional al asegurar que\u00a0en Mendoza\u00a0&#8220;la herramienta del presupuesto nosotros la utilizamos bien en estos contextos nacionales que son de imprevisibilidad. Nosotros podemos prever un presupuesto y resulta que en la Argentina -mucho m\u00e1s ahora con este plan platita que se est\u00e1 llevando adelante para las elecciones- en el Gobierno que viene los presupuestos va a haber que reconfigurarlos&#8221;.<\/p>\n\n\n\n<p>En otro orden, prometi\u00f3 la creaci\u00f3n de trabajo con los proyectos de\u00a0Potasio R\u00edo Colorado, Hierro Indio y Cerro Amarillo, todos en el sur provincial. &#8220;Tenemos una gran oportunidad y tenemos los compradores en el planeta, que son Braisl y China. Ante la situaci\u00f3n de la guerra entre Rusia y Ucrania es una gran oportunidad. Est\u00e1 en la Legislatura el proyecto para que todos puedan ver la decisi\u00f3n que hemos tomado\u00a0y ratificar este rumbo&#8221;, indic\u00f3 el gobernador.<\/p>\n\n\n\n<p>&#8220;Tenemos que avanzar en el proyecto Hierro Indio. Tambi\u00e9n va a empezar la exploraci\u00f3n de Cerro Amarillo, que es de cobre.&nbsp;Adem\u00e1s, tenemos Vaca Muerta y Pata Mora. Ya est\u00e1n la perforaciones en Vaca Muerta y pronto sabremos emp\u00edricamente qu\u00e9 es lo que tenemos. La ley de Pata Mora ya est\u00e1 aprobada, que es el polo log\u00edstico fundamental para el desarrollo de la miner\u00eda y los hidrocarburos del sur de la provincia&#8221;, sum\u00f3&nbsp;<strong>Suarez<\/strong>.<\/p>\n\n\n\n<p>Y agreg\u00f3, que &#8220;con Portezuelo del Viento llevamos adelante un proceso que empez\u00f3 cuando Alfredo Cornejo consigui\u00f3 1.023 millones de d\u00f3lares para Mendoza. Llegamos al punto de adjudicar la obra, pero cuidamos la plata de los mendocinos.\u00a0Fue el presidente de la Naci\u00f3n -supongamos presidente de la Naci\u00f3n-, Alberto Fern\u00e1ndez, el que dijo que no. Nos mand\u00f3 a hacer nuevos estudios. Ya planteamos en el COIRCO que se tienen que hacer y que los tienen que costear con el Gobierno provincial y las provincias. No paramos en eso. Pensando en el sur, avanzamos con el proyecto El Baqueano. Ya se abri\u00f3 el proceso de licitaci\u00f3n con todos los pasos que hay que cumplir. Est\u00e1n todos los pliegos para que empresarios vengan a hacer los aportes que sean necesarios&#8221;.<\/p>\n\n\n\n<p>FUENTE: mdzonline.<\/p>\n","protected":false},"excerpt":{"rendered":"<p>El gobernador\u00a0Rodolfo Suarez\u00a0particip\u00f3 este lunes del Almuerzo de las Fuerzas Vivas, organizado por la C\u00e1mara de Comercio, Industria y Agropecuaria de San Rafael. El mandatario provincial\u00a0critic\u00f3 el &#8220;plan platita&#8221;\u00a0del ministro de Econom\u00eda y candidato presidencial de Uni\u00f3n por la Patria,\u00a0Sergio Massa. En tanto, rescat\u00f3 que Mendoza es la provincia con m\u00e1s d\u00edas de clases.\u00a0 &#8220;Siempre [&hellip;]<\/p>\n","protected":false},"author":2,"featured_media":1923,"comment_status":"open","ping_status":"open","sticky":true,"template":"","format":"standard","meta":[],"categories":[47],"tags":[],"_links":{"self":[{"href":"https:\/\/pasaenmendoza.com\/index.php?rest_route=\/wp\/v2\/posts\/1922"}],"collection":[{"href":"https:\/\/pasaenmendoza.com\/index.php?rest_route=\/wp\/v2\/posts"}],"about":[{"href":"https:\/\/pasaenmendoza.com\/index.php?rest_route=\/wp\/v2\/types\/post"}],"author":[{"embeddable":true,"href":"https:\/\/pasaenmendoza.com\/index.php?rest_route=\/wp\/v2\/users\/2"}],"replies":[{"embeddable":true,"href":"https:\/\/pasaenmendoza.com\/index.php?rest_route=%2Fwp%2Fv2%2Fcomments&post=1922"}],"version-history":[{"count":1,"href":"https:\/\/pasaenmendoza.com\/index.php?rest_route=\/wp\/v2\/posts\/1922\/revisions"}],"predecessor-version":[{"id":1924,"href":"https:\/\/pasaenmendoza.com\/index.php?rest_route=\/wp\/v2\/posts\/1922\/revisions\/1924"}],"wp:featuredmedia":[{"embeddable":true,"href":"https:\/\/pasaenmendoza.com\/index.php?rest_route=\/wp\/v2\/media\/1923"}],"wp:attachment":[{"href":"https:\/\/pasaenmendoza.com\/index.php?rest_route=%2Fwp%2Fv2%2Fmedia&parent=1922"}],"wp:term":[{"taxonomy":"category","embeddable":true,"href":"https:\/\/pasaenmendoza.com\/index.php?rest_route=%2Fwp%2Fv2%2Fcategories&post=1922"},{"taxonomy":"post_tag","embeddable":true,"href":"https:\/\/pasaenmendoza.com\/index.php?rest_route=%2Fwp%2Fv2%2Ftags&post=1922"}],"curies":[{"name":"wp","href":"https:\/\/api.w.org\/{rel}","templated":true}]}}