{"id":1928,"date":"2023-10-03T17:11:09","date_gmt":"2023-10-03T15:11:09","guid":{"rendered":"https:\/\/pasaenmendoza.com\/?p=1928"},"modified":"2023-10-03T17:11:10","modified_gmt":"2023-10-03T15:11:10","slug":"los-alquileres-en-dolares-en-mendoza-ganan-cada-vez-mas-terreno-y-la-oferta-escasea","status":"publish","type":"post","link":"https:\/\/pasaenmendoza.com\/?p=1928","title":{"rendered":"Los alquileres en d\u00f3lares en Mendoza ganan cada vez m\u00e1s terreno y la oferta escasea"},"content":{"rendered":"\n<p>La&nbsp;<mark>reforma a la actual<\/mark><strong><mark>&nbsp;Ley de Alquileres<\/mark><\/strong>&nbsp;volver\u00e1 a la&nbsp;<strong>C\u00e1mara de Diputados&nbsp;<\/strong>para discutir los cambios que introdujo el Senado el pasado jueves. Mientras tanto, el mercado sigue paralizado y los precios que se piden en&nbsp;<strong>Mendoza&nbsp;<\/strong>son exorbitantes e inalcanzables para el inquilino.<\/p>\n\n\n\n<p>Frente a este escenario,&nbsp;<mark>expertos mendocinos en el \u00e1rea inmobiliaria expresaron sus dudas sobre la efectividad de la norma, ya que en la actualidad la oferta de propiedades en alquiler&nbsp;<\/mark>cay\u00f3 estrepitosamente<mark>&nbsp;y<\/mark><mark>&nbsp;en Gran Mendoza m\u00e1s del 80% de las unidades se ofrecen en d\u00f3lares<\/mark>, reportaron desde Inmoclick.<\/p>\n\n\n\n<p><em>\u201cEl panorama que atraviesa Mendoza es muy duro, cada vez son menos los alquileres ofrecidos, pero de acuerdo con datos relevados en la plataforma digital\u00a0Inmoclick, de 14 mil inmuebles publicados solo 400 son ofrecidos para el alquiler\u201d,\u00a0<\/em>manifest\u00f3\u00a0<strong>Marcos Herrera<\/strong>, uno de los socios activos de la empresa.<\/p>\n\n\n\n<p>Para Herrera<em>,\u00a0<\/em>aunque se modifique la Ley de Alquileres<em>\u00a0\u201cno se vislumbra que en el corto plazo, con una inflaci\u00f3n de dos d\u00edgitos, el mercado vaya a dar marcha atr\u00e1s respecto a la dolarizaci\u00f3n de los inmuebles. De hecho, en lo que concierne a la venta de propiedades la tendencia est\u00e1 instalada desde el 2008 y nunca se modific\u00f3\u201d.<\/em><\/p>\n\n\n\n<p>Asimismo, el empresario inmobiliario coment\u00f3 que&nbsp;<mark>los inquilinos deben prepararse para alquilar en d\u00f3lares<\/mark>&nbsp;y, si se deroga la ley y se avanza en un acuerdo entre partes, el locador y el locatario con intermediaci\u00f3n de un agente inmobiliario matriculado, tendr\u00e1n que acordar el tipo de cambio.<\/p>\n\n\n\n<p><em>\u201cEn lo personal creo que es una tendencia irreversible, lleg\u00f3 para quedarse\u201d,\u00a0<\/em>adelant\u00f3 el titular de Inmoclick.<\/p>\n\n\n\n<p>Por su parte,<strong>&nbsp;Eduardo Rosta<\/strong>, del Colegio Inmobiliario de Mendoza, coment\u00f3 que&nbsp;<em>\u201clo que se observa es un cansancio importante por c\u00f3mo se ha visto el debate\u201d&nbsp;<\/em>de la Ley de Alquileres.<\/p>\n\n\n\n<p>Rosta destac\u00f3 que&nbsp;<em>\u201cno s\u00f3lo no se ven soluciones a corto plazo, sino que las que se ofrecen son muy malas, como las que propone el Frente de Todos de actualizar cada seis meses con el \u00edndice Mi casa que, en el \u00faltimo a\u00f1o, ha dado un 70% anual, en un contexto en donde hay una inflaci\u00f3n de m\u00e1s de 120% o 130% de inflaci\u00f3n\u201d.&nbsp;<\/em>Y calific\u00f3:<em>&nbsp;\u201cParece una burla\u201d.<\/em><\/p>\n\n\n\n<p>En tanto,\u00a0<mark>los propietarios han retra\u00eddo la oferta de alquileres, se vuelcan directamente a la venta<\/mark>\u00a0y, en algunos casos, se realizan pr\u00f3rrogas o renovaciones por poco plazo y eso es lo que prima en Mendoza.<\/p>\n\n\n\n<p>En contraposici\u00f3n con Herrera, Rosta coment\u00f3 que \u201clo que se prioriza no es un esquema de dolarizaci\u00f3n\u201d,<em>&nbsp;<\/em>y que lo que se plantea es<em>&nbsp;<\/em>\u201cpreservar el nivel de ingresos que tiene el propietario durante todo el proceso de la locaci\u00f3n\u201d<em>.<\/em><\/p>\n\n\n\n<p>\u201c<em>Lo que buscan es que lo que le alcance para comprar en el primer mes le alcance en el mes 36\u2033,&nbsp;<\/em>explic\u00f3<em>.<\/em><\/p>\n\n\n\n<h2 class=\"wp-block-heading\" id=\"h-cobro-en-dolares-legal-o-ilegal\">Cobro en d\u00f3lares: \u00bfLegal o ilegal?<\/h2>\n\n\n\n<p><strong>Romina R\u00edos,<\/strong>&nbsp;a cargo de la ONG Protectora, explic\u00f3 que&nbsp;<mark>cobrar un alquiler en d\u00f3lares no es ni legal ni ilegal,<\/mark>&nbsp;sino que<mark>&nbsp;en la ley hay un gris que es aprovechado por la mayor\u00eda de los propietarios&nbsp;<\/mark>para percibir el canon en moneda extranjera.<\/p>\n\n\n\n<p><em>\u201cLa ley establece la obligaci\u00f3n de dar sumas de dinero y, en Argentina, la \u00fanica moneda legal considerada es el peso argentino. Pero tambi\u00e9n existe otro art\u00edculo del C\u00f3digo Civil y Comercial de la Naci\u00f3n que habla de las obligaciones de dar cosas y all\u00ed entrar\u00edan los d\u00f3lares\u201d,\u00a0<\/em>detall\u00f3.<\/p>\n\n\n\n<p>La titular de la ong especializada en derechos del consumidor sostuvo que&nbsp;<mark>el contrato de alquiler se da entre privados y no tiene injerencia el Estado<\/mark>, salvo en la regulaci\u00f3n del \u00edndice de actualizaci\u00f3n anual y la inscripci\u00f3n en AFIP, entre otros aspectos. De modo que&nbsp;<mark>no hace falta publicarlo, mostrarlo o acreditarlo ante alguien.<\/mark><\/p>\n\n\n\n<p><em>\u201cEl problema de los alquileres en d\u00f3lares es que no todas las personas pueden hacerlo, esto no es nuevo, se hace desde hace muchos a\u00f1os por los sectores que tiene mayores ingresos, que acceden a la moneda extranjera sin ning\u00fan tipo de restricciones\u201d,&nbsp;<\/em>coment\u00f3 R\u00edos.<\/p>\n\n\n\n<p>En 2020, con la modificaci\u00f3n que se realiz\u00f3 en la Ley de alquileres vigente, lo que se hizo fue generalizar esta situaci\u00f3n a todos los inquilinos y propietarios.<\/p>\n\n\n\n<p>Respecto a\u00a0<mark>qu\u00e9 tipo de d\u00f3lar se toma como referencia,<\/mark>\u00a0R\u00edos manifest\u00f3 que \u201cnadie toma el d\u00f3lar oficial\u201d, y que por lo general \u201c<em>se toma el blue, que en Argentina es considerado ilegal, por lo que no se deber\u00eda tener como base para la celebraci\u00f3n de un contrato\u201d.<\/em><\/p>\n\n\n\n<p><strong>Fuente: www.elsol.com.ar<\/strong><\/p>\n","protected":false},"excerpt":{"rendered":"<p>La&nbsp;reforma a la actual&nbsp;Ley de Alquileres&nbsp;volver\u00e1 a la&nbsp;C\u00e1mara de Diputados&nbsp;para discutir los cambios que introdujo el Senado el pasado jueves. Mientras tanto, el mercado sigue paralizado y los precios que se piden en&nbsp;Mendoza&nbsp;son exorbitantes e inalcanzables para el inquilino. Frente a este escenario,&nbsp;expertos mendocinos en el \u00e1rea inmobiliaria expresaron sus dudas sobre la efectividad de [&hellip;]<\/p>\n","protected":false},"author":2,"featured_media":1932,"comment_status":"open","ping_status":"open","sticky":false,"template":"","format":"standard","meta":[],"categories":[50],"tags":[],"_links":{"self":[{"href":"https:\/\/pasaenmendoza.com\/index.php?rest_route=\/wp\/v2\/posts\/1928"}],"collection":[{"href":"https:\/\/pasaenmendoza.com\/index.php?rest_route=\/wp\/v2\/posts"}],"about":[{"href":"https:\/\/pasaenmendoza.com\/index.php?rest_route=\/wp\/v2\/types\/post"}],"author":[{"embeddable":true,"href":"https:\/\/pasaenmendoza.com\/index.php?rest_route=\/wp\/v2\/users\/2"}],"replies":[{"embeddable":true,"href":"https:\/\/pasaenmendoza.com\/index.php?rest_route=%2Fwp%2Fv2%2Fcomments&post=1928"}],"version-history":[{"count":1,"href":"https:\/\/pasaenmendoza.com\/index.php?rest_route=\/wp\/v2\/posts\/1928\/revisions"}],"predecessor-version":[{"id":1934,"href":"https:\/\/pasaenmendoza.com\/index.php?rest_route=\/wp\/v2\/posts\/1928\/revisions\/1934"}],"wp:featuredmedia":[{"embeddable":true,"href":"https:\/\/pasaenmendoza.com\/index.php?rest_route=\/wp\/v2\/media\/1932"}],"wp:attachment":[{"href":"https:\/\/pasaenmendoza.com\/index.php?rest_route=%2Fwp%2Fv2%2Fmedia&parent=1928"}],"wp:term":[{"taxonomy":"category","embeddable":true,"href":"https:\/\/pasaenmendoza.com\/index.php?rest_route=%2Fwp%2Fv2%2Fcategories&post=1928"},{"taxonomy":"post_tag","embeddable":true,"href":"https:\/\/pasaenmendoza.com\/index.php?rest_route=%2Fwp%2Fv2%2Ftags&post=1928"}],"curies":[{"name":"wp","href":"https:\/\/api.w.org\/{rel}","templated":true}]}}