{"id":1929,"date":"2023-10-03T17:08:29","date_gmt":"2023-10-03T15:08:29","guid":{"rendered":"https:\/\/pasaenmendoza.com\/?p=1929"},"modified":"2023-10-03T17:08:30","modified_gmt":"2023-10-03T15:08:30","slug":"pronostico-en-mendoza-alerta-amarilla-por-vientos-intensos-y-probabilidad-de-lluvias","status":"publish","type":"post","link":"https:\/\/pasaenmendoza.com\/?p=1929","title":{"rendered":"Pron\u00f3stico en Mendoza: alerta amarilla por vientos intensos y probabilidad de lluvias"},"content":{"rendered":"\n<p>El\u00a0<strong>Servicio Meteorol\u00f3gico Nacional (SMN)<\/strong>\u00a0lanz\u00f3 una alerta amarilla por vientos fuertes en la zona Este para la tarde de este martes, los cuales podr\u00edan alcanzar 70 kil\u00f3metros por hora en algunos sectores.<\/p>\n\n\n\n<p>El pron\u00f3stico para el Gran Mendoza indica nubosidad variable con descenso de la temperatura, vientos moderados del sudeste<mark>. Adem\u00e1s, existe la posibilidad de precipitaciones aisladas. La m\u00e1xima estimada es de 20 grados, mientras que la m\u00ednima se ubic\u00f3 en los 11 grados.<\/mark><\/p>\n\n\n\n<p>En tanto, las condiciones en Alta Monta\u00f1a se espera alguna nevada d\u00e9bil durante horas de la ma\u00f1ana, las cuales no provocar\u00e1n el cierre del Paso Internacional Cristo Redentor, pero obligar\u00e1 a los conductores a circular con extrema precauci\u00f3n.<\/p>\n\n\n\n<p>La m\u00e1xima estimada para la zona del corredor internacional es de 4 grados bajos cero, mientras la m\u00ednima es de 12 grados bajo cero.<\/p>\n\n\n\n<p><strong>Fuente: www.elsol.com.ar<\/strong><\/p>\n","protected":false},"excerpt":{"rendered":"<p>El\u00a0Servicio Meteorol\u00f3gico Nacional (SMN)\u00a0lanz\u00f3 una alerta amarilla por vientos fuertes en la zona Este para la tarde de este martes, los cuales podr\u00edan alcanzar 70 kil\u00f3metros por hora en algunos sectores. El pron\u00f3stico para el Gran Mendoza indica nubosidad variable con descenso de la temperatura, vientos moderados del sudeste. Adem\u00e1s, existe la posibilidad de precipitaciones [&hellip;]<\/p>\n","protected":false},"author":2,"featured_media":1930,"comment_status":"open","ping_status":"open","sticky":false,"template":"","format":"standard","meta":[],"categories":[52],"tags":[],"_links":{"self":[{"href":"https:\/\/pasaenmendoza.com\/index.php?rest_route=\/wp\/v2\/posts\/1929"}],"collection":[{"href":"https:\/\/pasaenmendoza.com\/index.php?rest_route=\/wp\/v2\/posts"}],"about":[{"href":"https:\/\/pasaenmendoza.com\/index.php?rest_route=\/wp\/v2\/types\/post"}],"author":[{"embeddable":true,"href":"https:\/\/pasaenmendoza.com\/index.php?rest_route=\/wp\/v2\/users\/2"}],"replies":[{"embeddable":true,"href":"https:\/\/pasaenmendoza.com\/index.php?rest_route=%2Fwp%2Fv2%2Fcomments&post=1929"}],"version-history":[{"count":1,"href":"https:\/\/pasaenmendoza.com\/index.php?rest_route=\/wp\/v2\/posts\/1929\/revisions"}],"predecessor-version":[{"id":1931,"href":"https:\/\/pasaenmendoza.com\/index.php?rest_route=\/wp\/v2\/posts\/1929\/revisions\/1931"}],"wp:featuredmedia":[{"embeddable":true,"href":"https:\/\/pasaenmendoza.com\/index.php?rest_route=\/wp\/v2\/media\/1930"}],"wp:attachment":[{"href":"https:\/\/pasaenmendoza.com\/index.php?rest_route=%2Fwp%2Fv2%2Fmedia&parent=1929"}],"wp:term":[{"taxonomy":"category","embeddable":true,"href":"https:\/\/pasaenmendoza.com\/index.php?rest_route=%2Fwp%2Fv2%2Fcategories&post=1929"},{"taxonomy":"post_tag","embeddable":true,"href":"https:\/\/pasaenmendoza.com\/index.php?rest_route=%2Fwp%2Fv2%2Ftags&post=1929"}],"curies":[{"name":"wp","href":"https:\/\/api.w.org\/{rel}","templated":true}]}}