{"id":1944,"date":"2023-10-03T17:26:16","date_gmt":"2023-10-03T15:26:16","guid":{"rendered":"https:\/\/pasaenmendoza.com\/?p=1944"},"modified":"2023-10-03T17:26:17","modified_gmt":"2023-10-03T15:26:17","slug":"las-becas-para-estudiantes-de-la-uncuyo-aumentaron-sus-montos-hasta-el-180","status":"publish","type":"post","link":"https:\/\/pasaenmendoza.com\/?p=1944","title":{"rendered":"Las becas para estudiantes de la UNCuyo aumentaron sus montos hasta el 180%"},"content":{"rendered":"\n<p>Autoridades de la Universidad Nacional de Cuyo (<strong>UNCuyo<\/strong>) anunciaron a tras el pedido que se realiz\u00f3 desde la Federaci\u00f3n de Estudiantes Universitarios de Cuyo (Fucuyo),\u00a0<strong>un incremento de todas sus becas estudiantiles.<\/strong><\/p>\n\n\n\n<p>La rectora de la UNCuyo,&nbsp;<strong>Esther S\u00e1nchez, explic\u00f3 que el aumento de los montos se relaciona con el rol que tiene la casa de estudios de incrementar la inclusi\u00f3n y acompa\u00f1ar a los estudiantes en las situaciones complejas que viven.<\/strong><\/p>\n\n\n\n<p>\u201cEl importe de las becas puede llegar a definir si un estudiante se puede o no trasladar desde su lugar de origen a la universidad\u201d, ejemplific\u00f3.<\/p>\n\n\n\n<p>La medida se da en el contexto de un plan macro para acompa\u00f1ar la trayectoria de los universitarios.<\/p>\n\n\n\n<p>\u201cLos estudiantes tienen que estar en condiciones de poder acceder a todo lo necesario para realizar su formaci\u00f3n. Hay un programa integral de innovaci\u00f3n educativa que incluye proyectos que tienen por objetivo resolver los problemas que viven los estudiantes en nuestra comunidad universitaria\u201d, resalt\u00f3 Sanchez.<\/p>\n\n\n\n<h2 class=\"wp-block-heading\">Las becas de la UNCuyo<\/h2>\n\n\n\n<p>As\u00ed quedar\u00e1n las becas que reciben los alumnos de la UNCuyo con los aumentos:<\/p>\n\n\n\n<ul>\n<li>BIPU de m\u00e1s de 35 kil\u00f3metros: de $9.360 pasa a $21.542.<\/li>\n\n\n\n<li>BIPU de menos de 35 Kil\u00f3metros: de $5.617 pasa a $15.912.<\/li>\n\n\n\n<li>Pueblos Originarios de m\u00e1s de 35 kil\u00f3metros: de $9.360 pasa a $21.542.<\/li>\n\n\n\n<li>Pueblos Originarios de menos de 35 kil\u00f3metros: de $5.617 pasa a $15.912.<\/li>\n\n\n\n<li>Discapacidad de m\u00e1s de 35 kil\u00f3metros: de $9.360 pasa a $21.542.<\/li>\n\n\n\n<li>Discapacidad de menos de 35 kil\u00f3metros: ee $5.617 pasa a $15.912.<\/li>\n\n\n\n<li>Identidades Plurales: ee $8.464 pasa a $15.912.<\/li>\n\n\n\n<li>Ayuda econ\u00f3mica para alojamiento: ee $9.360 pasa a $21.542.<\/li>\n\n\n\n<li>Tramo inicial: ee $9.360 pasa a $ 15.912.<\/li>\n\n\n\n<li>Tramo intermedio: ee $12.672 pasa a $21.542.<\/li>\n\n\n\n<li>Tramo final: de $16.847 pasa a $28.639.<\/li>\n\n\n\n<li>Jard\u00edn maternal: de $6.912 pasa a $ 20.000.<\/li>\n\n\n\n<li>Residencia: de $5.002 pasa a $9.000.<\/li>\n\n\n\n<li>Ayuda econ\u00f3mica: De $5.002 pasa a $9.000.<\/li>\n\n\n\n<li>Comedor: de $3.732 pasa a $ 6.344.<\/li>\n\n\n\n<li>Ayuda econ\u00f3mica para transporte: de $2.400 pasa a $5.000.<\/li>\n<\/ul>\n\n\n\n<h2 class=\"wp-block-heading\">Garantizar el respaldo al estudiante<\/h2>\n\n\n\n<p>El secretario de Bienestar Universitario,<strong>&nbsp;Juan Pablo Cebrelli<\/strong>, explic\u00f3 que la decisi\u00f3n surgi\u00f3 a partir del pedido de los estudiantes y luego de analizar las posibilidades se decidi\u00f3 el aumento: \u201cEsto es para las becas que ya fueron otorgadas este a\u00f1o, que van a crecer entre un 70% y un 180%. Vale aclarar que este 180% son algunas becas espec\u00edficas que quiz\u00e1s hab\u00edan quedado atrasadas desde a\u00f1os anteriores\u201d.<\/p>\n\n\n\n<p>Las becas ya hab\u00edan aumentado a principio de a\u00f1o. En ese momento se realiz\u00f3 un incremento del 140%. Con la actual suba, \u201cvan a tener valores muy importantes, con un m\u00e1ximo de 28.500 pesos, en el caso de la beca de tramo final, que es nuestra beca m\u00e1s potente, la m\u00e1s integral que ofrece la Secretar\u00eda\u201d, detall\u00f3 Cebrelli.<\/p>\n\n\n\n<p>Tambi\u00e9n se va a aumentar la cantidad de becas de ayuda econ\u00f3mica y de comedor que se otorgaron a principio de a\u00f1o. Esto implica que aquellas personas que se hab\u00edan inscripto a principios de a\u00f1o para recibir una beca, y por la tabulaci\u00f3n no ten\u00edan un puntaje socioecon\u00f3mico tan alto, por ende no hab\u00edan obtenido la beca, ahora la van a obtener.<\/p>\n\n\n\n<p>\u201cCon esto intentamos paliar los efectos de la inflaci\u00f3n, que este a\u00f1o ha sido galopante. Intentamos procurar que m\u00e1s estudiantes puedan permanecer en la universidad. El a\u00f1o que viene las becas van a aumentar sobre una base mayor. A partir de este aumento vamos a poder prever que el aumento de 2024 sea sobre los montos que se van a cobrar ahora en el segundo semestre\u201d , garantiz\u00f3 el secretario.<\/p>\n\n\n\n<p>El aumento de las becas va a ser retroactivo desde julio. Es decir: los estudiantes van a cobrar en octubre un retroactivo de julio y agosto, y luego seguir\u00e1n cobrando la beca todos los meses con el nuevo valor.<\/p>\n\n\n\n<h2 class=\"wp-block-heading\">Un trabajo articulado<\/h2>\n\n\n\n<p><strong>Roxana Laciar<\/strong>, presidenta de Fucuyo, explic\u00f3 que el pedido que elevaron a la universidad surgi\u00f3 de las demanda de los estudiantes al ver que en el contexto inflacionario las becas hab\u00edan quedado un poco desfasadas y se dificultaba paliar los gastos econ\u00f3micos que se tienen para estudiar.<\/p>\n\n\n\n<p>La representante estudiantil destac\u00f3 el trabajo articulado que se realiza con los consejeros universitarios y con la gesti\u00f3n: \u201cEstamos en comunicaci\u00f3n, sobre todo porque nosotros como representantes estudiantiles identificamos y llevamos la demanda de los alumnos\u201d.<\/p>\n\n\n\n<p><strong>Fuente: www.diariouno.com.ar<\/strong><\/p>\n","protected":false},"excerpt":{"rendered":"<p>Autoridades de la Universidad Nacional de Cuyo (UNCuyo) anunciaron a tras el pedido que se realiz\u00f3 desde la Federaci\u00f3n de Estudiantes Universitarios de Cuyo (Fucuyo),\u00a0un incremento de todas sus becas estudiantiles. La rectora de la UNCuyo,&nbsp;Esther S\u00e1nchez, explic\u00f3 que el aumento de los montos se relaciona con el rol que tiene la casa de estudios [&hellip;]<\/p>\n","protected":false},"author":2,"featured_media":1947,"comment_status":"open","ping_status":"open","sticky":false,"template":"","format":"standard","meta":[],"categories":[56],"tags":[],"_links":{"self":[{"href":"https:\/\/pasaenmendoza.com\/index.php?rest_route=\/wp\/v2\/posts\/1944"}],"collection":[{"href":"https:\/\/pasaenmendoza.com\/index.php?rest_route=\/wp\/v2\/posts"}],"about":[{"href":"https:\/\/pasaenmendoza.com\/index.php?rest_route=\/wp\/v2\/types\/post"}],"author":[{"embeddable":true,"href":"https:\/\/pasaenmendoza.com\/index.php?rest_route=\/wp\/v2\/users\/2"}],"replies":[{"embeddable":true,"href":"https:\/\/pasaenmendoza.com\/index.php?rest_route=%2Fwp%2Fv2%2Fcomments&post=1944"}],"version-history":[{"count":1,"href":"https:\/\/pasaenmendoza.com\/index.php?rest_route=\/wp\/v2\/posts\/1944\/revisions"}],"predecessor-version":[{"id":1948,"href":"https:\/\/pasaenmendoza.com\/index.php?rest_route=\/wp\/v2\/posts\/1944\/revisions\/1948"}],"wp:featuredmedia":[{"embeddable":true,"href":"https:\/\/pasaenmendoza.com\/index.php?rest_route=\/wp\/v2\/media\/1947"}],"wp:attachment":[{"href":"https:\/\/pasaenmendoza.com\/index.php?rest_route=%2Fwp%2Fv2%2Fmedia&parent=1944"}],"wp:term":[{"taxonomy":"category","embeddable":true,"href":"https:\/\/pasaenmendoza.com\/index.php?rest_route=%2Fwp%2Fv2%2Fcategories&post=1944"},{"taxonomy":"post_tag","embeddable":true,"href":"https:\/\/pasaenmendoza.com\/index.php?rest_route=%2Fwp%2Fv2%2Ftags&post=1944"}],"curies":[{"name":"wp","href":"https:\/\/api.w.org\/{rel}","templated":true}]}}