{"id":1949,"date":"2023-10-04T13:13:31","date_gmt":"2023-10-04T11:13:31","guid":{"rendered":"https:\/\/pasaenmendoza.com\/?p=1949"},"modified":"2023-10-04T13:13:33","modified_gmt":"2023-10-04T11:13:33","slug":"el-pj-apura-la-unidad-y-ya-piensa-en-2027","status":"publish","type":"post","link":"https:\/\/pasaenmendoza.com\/?p=1949","title":{"rendered":"El PJ apura la unidad y ya piensa en 2027"},"content":{"rendered":"\n<p>El peronismo se reagrupa en torno a la candidatura de Sergio Massa y tendr\u00e1 a los intendentes como protagonistas. Qui\u00e9nes suenan en una f\u00f3rmula para 2027. La perlita del lunes.<\/p>\n\n\n\n<p>Dos sucesos en menos de 24 horas: el domingo el intendente de Maip\u00fa,\u00a0<strong>Mat\u00edas Stevanato<\/strong>, y la intendenta de Santa Rosa,\u00a0<strong>Flor Dest\u00e9fanis,\u00a0<\/strong>se mostraron\u00a0juntos en la fiesta Diocesana\u00a0(una masiva celebraci\u00f3n cat\u00f3lica que se hace todos los a\u00f1os) y un d\u00eda despu\u00e9s en torno a los jefes comunales se aglutinaron\u00a0dirigentes del\u00a0<strong>peronismo\u00a0<\/strong>para convocar a la militancia de cara a las elecciones presidenciales en la que buscar\u00e1n el voto para el candidato de Uni\u00f3n por la Patria, Sergio Massa, el nuevo PJ tras haber quedado tercero en las elecciones para la gobernaci\u00f3n de este a\u00f1o, apunta al protagonismo de los intendentes y hasta algunos futur\u00f3logos se ilusionan con que<strong>\u00a0Stevanato<\/strong>\u00a0y\u00a0<strong>Dest\u00e9fanis<\/strong>, dos j\u00f3venes quienes\u00a0fueron reelectos en sus comunas hace un mes, sean las caras de la elecci\u00f3n para la gobernaci\u00f3n en 2027. Aunque claro est\u00e1, falta much\u00edsimo.<\/p>\n\n\n\n<p>Tras la ruptura de Unidad Ciudadana\u00a0(La C\u00e1mpora ya no forman equipo con los intendentes\u00a0<strong>Dest\u00e9fanis<\/strong>\u00a0y Fernando Ubieta, de La Paz) y la crisis en el\u00a0<strong>peronismo<\/strong>\u00a0por no haber logrado en los comicios el piso hist\u00f3rico de 20 puntos, lejos de los reclamos (los hubo y cruzados para quienes encabezaron y para quienes no quisieron liderar los comicios) se viene un nuevo\u00a0<strong>peronismo<\/strong>.<\/p>\n\n\n\n<p>Es que, a pesar de que le fue mal en las elecciones generales (esto se reflej\u00f3 en menos bancas en la Legislatura y en algunos Concejos Deliberantes ya que en algunos municipios\u00a0qued\u00f3 cuarto detr\u00e1s del Partido Verde), por estos pr\u00f3ximos cuatros a\u00f1os, el\u00a0<strong>PJ<\/strong>\u00a0gobernar\u00e1 s\u00f3lo una comuna menos que el oficialista Cambia Mendoza.<\/p>\n\n\n\n<p>Mientras que el frente gobernante tendr\u00e1 ocho municipalidades a su cargo, el\u00a0<strong>peronismo<\/strong>\u00a0tendr\u00e1 siete\u00a0ya que en la elecciones anticipadas retuvo sus seis\u00a0comunas,\u00a0adem\u00e1s Celso Jaque gan\u00f3 Malarg\u00fce que estaba en manos de Cambia Mendoza. El resto, ser\u00e1n dos de la Uni\u00f3n Mendocina (Luj\u00e1n de Cuyo y San Carlos) y Rivadavia estar\u00e1 comandada por el partido departamental Sembrar a cargo de Ricardo Mansur.\u00a0El nuevo\u00a0<strong>PJ\u00a0<\/strong>tiene que ver con la fuerza de los intendentes, que encabezan toda la movida para las elecciones presidenciales del 22 de este mes.<\/p>\n\n\n\n<p>En ese sentido, Massa como candidato a presidente ha&nbsp;pedido a sus referentes provinciales (en el caso de Mendoza el gran nexo es Gabriela Lizana quien ser\u00e1 diputada provincial desde diciembre, pero tambi\u00e9n el intendente saliente de San Rafael Emir F\u00e9lix, Dest\u00e9fanis y Stevanato) que movilicen, que muevan estructura, que militen su boleta. Mendoza es para el<strong>&nbsp;peronismo<\/strong>&nbsp;un escenario adverso, pero F\u00e9lix gobierna&nbsp;San Rafael que es la comuna m\u00e1s poblada&nbsp;del Sur;&nbsp;<strong>Stevanato<\/strong>, Maip\u00fa, que es una de las m\u00e1s populosas del Gran Mendoza y adem\u00e1s un intendente- quien dejar\u00e1 su cargo en diciembre-, encabeza la boleta de candidatos a diputados provinciales: Mart\u00edn Aveiro (Tunuy\u00e1n).<\/p>\n\n\n\n<p>Por eso este lunes hubo un encuentro que incluy\u00f3 a los grandes referentes, aunque con una perlita: desde el<strong>&nbsp;PJ&nbsp;<\/strong>dejaron trascender una foto vieja, que incluye a toda la dirigencia incluido&nbsp;al intendente saliente de Lavalle Roberto Righi quien aun no ha sido de la partida porque se fue a La Uni\u00f3n Mendocina con Omar De Marchi, aunque apoya a Massa.<\/p>\n\n\n\n<p>Ilusionados con estos nuevos aires, hay dirigentes que ya miran a\u00a0<strong>Stevanato<\/strong>\u00a0y a\u00a0<strong>Dest\u00e9fanis<\/strong>\u00a0para integrar la f\u00f3rmula para la gobernaci\u00f3n en\u00a02027. Falta much\u00edsimo &#8211; a\u00fan no asume el pr\u00f3ximo gobernador electo,el radical\u00a0Alfredo Cornejo- sin embargo ambos intendentes ya habr\u00e1n transcurrido los\u00a0dos mandatos que permite la ley y ser\u00e1n dos comunas que en las dos elecciones el\u00a0<strong>peronismo<\/strong>\u00a0gan\u00f3 comod\u00edsimo. Con m\u00e1s del 50% de los votos. En esa lista tambi\u00e9n de candidatos futuros tambi\u00e9n incluyen\u00a0a Emir F\u00e9lix (su hermano Omar vuelve en diciembre a gobernar San Rafael) y a Lizana.\u00a0<\/p>\n\n\n\n<p>FUENTE: mdzonline.<\/p>\n","protected":false},"excerpt":{"rendered":"<p>El peronismo se reagrupa en torno a la candidatura de Sergio Massa y tendr\u00e1 a los intendentes como protagonistas. Qui\u00e9nes suenan en una f\u00f3rmula para 2027. La perlita del lunes. Dos sucesos en menos de 24 horas: el domingo el intendente de Maip\u00fa,\u00a0Mat\u00edas Stevanato, y la intendenta de Santa Rosa,\u00a0Flor Dest\u00e9fanis,\u00a0se mostraron\u00a0juntos en la fiesta [&hellip;]<\/p>\n","protected":false},"author":2,"featured_media":1950,"comment_status":"open","ping_status":"open","sticky":true,"template":"","format":"standard","meta":[],"categories":[47],"tags":[],"_links":{"self":[{"href":"https:\/\/pasaenmendoza.com\/index.php?rest_route=\/wp\/v2\/posts\/1949"}],"collection":[{"href":"https:\/\/pasaenmendoza.com\/index.php?rest_route=\/wp\/v2\/posts"}],"about":[{"href":"https:\/\/pasaenmendoza.com\/index.php?rest_route=\/wp\/v2\/types\/post"}],"author":[{"embeddable":true,"href":"https:\/\/pasaenmendoza.com\/index.php?rest_route=\/wp\/v2\/users\/2"}],"replies":[{"embeddable":true,"href":"https:\/\/pasaenmendoza.com\/index.php?rest_route=%2Fwp%2Fv2%2Fcomments&post=1949"}],"version-history":[{"count":1,"href":"https:\/\/pasaenmendoza.com\/index.php?rest_route=\/wp\/v2\/posts\/1949\/revisions"}],"predecessor-version":[{"id":1951,"href":"https:\/\/pasaenmendoza.com\/index.php?rest_route=\/wp\/v2\/posts\/1949\/revisions\/1951"}],"wp:featuredmedia":[{"embeddable":true,"href":"https:\/\/pasaenmendoza.com\/index.php?rest_route=\/wp\/v2\/media\/1950"}],"wp:attachment":[{"href":"https:\/\/pasaenmendoza.com\/index.php?rest_route=%2Fwp%2Fv2%2Fmedia&parent=1949"}],"wp:term":[{"taxonomy":"category","embeddable":true,"href":"https:\/\/pasaenmendoza.com\/index.php?rest_route=%2Fwp%2Fv2%2Fcategories&post=1949"},{"taxonomy":"post_tag","embeddable":true,"href":"https:\/\/pasaenmendoza.com\/index.php?rest_route=%2Fwp%2Fv2%2Ftags&post=1949"}],"curies":[{"name":"wp","href":"https:\/\/api.w.org\/{rel}","templated":true}]}}