{"id":1952,"date":"2023-10-04T13:17:07","date_gmt":"2023-10-04T11:17:07","guid":{"rendered":"https:\/\/pasaenmendoza.com\/?p=1952"},"modified":"2023-10-04T13:17:09","modified_gmt":"2023-10-04T11:17:09","slug":"el-gobierno-provincial-acotara-la-baja-de-impuestos-por-el-impacto-de-los-cambios-en-ganancias","status":"publish","type":"post","link":"https:\/\/pasaenmendoza.com\/?p=1952","title":{"rendered":"El Gobierno provincial acotar\u00e1 la baja de impuestos por el impacto de los cambios en Ganancias"},"content":{"rendered":"\n<p>La eliminaci\u00f3n de la cuarta categor\u00eda del tributo coparticipable oblig\u00f3 a Mendoza a modificar su proyecci\u00f3n de gastos para el pr\u00f3ximo a\u00f1o. El proyecto de Presupuesto llegar\u00e1 este jueves a la Legislatura.<\/p>\n\n\n\n<p>En la administraci\u00f3n de Rodolfo Suarez ratificaron que la modificaci\u00f3n del<strong>&nbsp;Impuesto a las Ganancias<\/strong>, un tributo coparticipable, perjudicar\u00e1 de manera importante a&nbsp;<strong>la provincia<\/strong>, que deje de percibir una<strong>&nbsp;multimillonaria cifra.<\/strong><\/p>\n\n\n\n<p>En Hacienda explicaron que&nbsp;<mark>esta reducci\u00f3n en los ingresos oblig\u00f3 a recalcular el proyecto del&nbsp;<strong>Presupuesto&nbsp;<\/strong>2024<\/mark>, que se presentar\u00e1 este jueves en la Legislatura.<\/p>\n\n\n\n<p>En este sentido, el ministro de Hacienda y Finanzas\u00a0<strong>V\u00edctor Fayad<\/strong><mark>\u00a0dio a conocer la cifra exacta de cuanto es lo que la provincia perder\u00e1\u00a0<\/mark>producto de esta medida que impuls\u00f3 el candidato a presidente de Uni\u00f3n por la Patria y titular de la cartera de Econom\u00eda de la Naci\u00f3n,<strong>\u00a0Sergio Massa<\/strong>.<\/p>\n\n\n\n<p><em>\u201cLa provincia recibir\u00e1 45 mil millones de pesos al mes de septiembre, esta cifra seguramente en lo nominal ser\u00e1 mucho mayor con el correr del tiempo. Es el equivalente a una masa salarial y media del sector p\u00fablico\u201d<\/em>, se\u00f1al\u00f3 Fayad.<\/p>\n\n\n\n<p>Esta reducci\u00f3n en los ingresos provinciales oblig\u00f3 a la provincia a modificar la pauta de gastos que se hab\u00eda proyectado para el 2024, para amortiguar el impacto. Seg\u00fan indic\u00f3 el funcionario,&nbsp;<mark>el Ejecutivo provincial ten\u00eda pensado una fuerte disminuci\u00f3n de los impuestos provinciales, como son los sellos e Ingresos Brutos, algo que no podr\u00e1 ocurrir.<\/mark><\/p>\n\n\n\n<p>\u201c<em>Ten\u00edamos prevista una disminuci\u00f3n mucho m\u00e1s fuerte en al\u00edcuotas de Sellos e Ingresos Brutos, hemos tenido que acotarla, para que no produzca da\u00f1o en las cuentas provinciales\u201d<\/em>, asegur\u00f3 el ministro.<\/p>\n\n\n\n<p>M\u00e1s all\u00e1 de esto, no son muchos los detalles que han trascendido del presupuesto del a\u00f1o pr\u00f3ximo, salvo aquellos que se encuentran atados al enviado por Massa al Congreso, en el que se estableci\u00f3 una inflaci\u00f3n de 69,5% y un d\u00f3lar a 600 pesos.<\/p>\n\n\n\n<p>Con respecto a la transici\u00f3n, desde la cartera financiera aseguraron que, si bien&nbsp;<mark>no hubo pedidos puntuales por parte del gobernador electo&nbsp;<strong>Alfredo Cornejo<\/strong><\/mark>, estuvo al tanto de su elaboraci\u00f3n y que incluso particip\u00f3 parte de su equipo econ\u00f3mico.<\/p>\n\n\n\n<p>\u201c<em>Cornejo est\u00e1 encima, ha estado interactuando con todos los que estamos involucrados en la elaboraci\u00f3n del presupuesto. Esto no s\u00f3lo es l\u00f3gico, sino que es saludable, ya que ser\u00e1 ejecutado durante su gesti\u00f3n<\/em>\u201d, sentenci\u00f3 Fayad.<\/p>\n\n\n\n<p>En declaraciones radiales, Cornejo se refiri\u00f3 sobre algunos \u00edtems que estar\u00e1n incorporados en la Ley de Leyes que estar\u00e1 vigente durante el 2024.<\/p>\n\n\n\n<p>El mandatario electo adelant\u00f3 que \u201c<em>hay que hacer una simplificaci\u00f3n de tr\u00e1mites en todos los aspectos del Estado<\/em>\u201d y que buscar\u00e1n \u201c<em>bajar y simplificar los pagos de algunos impuestos<\/em>\u201c. Adem\u00e1s, explic\u00f3 que van a\u00a0<em>\u201ctratar de mantener una alt\u00edsima protecci\u00f3n social, como la que tiene el Estado provincial hoy en d\u00eda<\/em>\u201c.<\/p>\n\n\n\n<p>FUENTE: elsol.com.ar<\/p>\n","protected":false},"excerpt":{"rendered":"<p>La eliminaci\u00f3n de la cuarta categor\u00eda del tributo coparticipable oblig\u00f3 a Mendoza a modificar su proyecci\u00f3n de gastos para el pr\u00f3ximo a\u00f1o. El proyecto de Presupuesto llegar\u00e1 este jueves a la Legislatura. En la administraci\u00f3n de Rodolfo Suarez ratificaron que la modificaci\u00f3n del&nbsp;Impuesto a las Ganancias, un tributo coparticipable, perjudicar\u00e1 de manera importante a&nbsp;la provincia, [&hellip;]<\/p>\n","protected":false},"author":2,"featured_media":1953,"comment_status":"open","ping_status":"open","sticky":true,"template":"","format":"standard","meta":[],"categories":[47],"tags":[],"_links":{"self":[{"href":"https:\/\/pasaenmendoza.com\/index.php?rest_route=\/wp\/v2\/posts\/1952"}],"collection":[{"href":"https:\/\/pasaenmendoza.com\/index.php?rest_route=\/wp\/v2\/posts"}],"about":[{"href":"https:\/\/pasaenmendoza.com\/index.php?rest_route=\/wp\/v2\/types\/post"}],"author":[{"embeddable":true,"href":"https:\/\/pasaenmendoza.com\/index.php?rest_route=\/wp\/v2\/users\/2"}],"replies":[{"embeddable":true,"href":"https:\/\/pasaenmendoza.com\/index.php?rest_route=%2Fwp%2Fv2%2Fcomments&post=1952"}],"version-history":[{"count":1,"href":"https:\/\/pasaenmendoza.com\/index.php?rest_route=\/wp\/v2\/posts\/1952\/revisions"}],"predecessor-version":[{"id":1954,"href":"https:\/\/pasaenmendoza.com\/index.php?rest_route=\/wp\/v2\/posts\/1952\/revisions\/1954"}],"wp:featuredmedia":[{"embeddable":true,"href":"https:\/\/pasaenmendoza.com\/index.php?rest_route=\/wp\/v2\/media\/1953"}],"wp:attachment":[{"href":"https:\/\/pasaenmendoza.com\/index.php?rest_route=%2Fwp%2Fv2%2Fmedia&parent=1952"}],"wp:term":[{"taxonomy":"category","embeddable":true,"href":"https:\/\/pasaenmendoza.com\/index.php?rest_route=%2Fwp%2Fv2%2Fcategories&post=1952"},{"taxonomy":"post_tag","embeddable":true,"href":"https:\/\/pasaenmendoza.com\/index.php?rest_route=%2Fwp%2Fv2%2Ftags&post=1952"}],"curies":[{"name":"wp","href":"https:\/\/api.w.org\/{rel}","templated":true}]}}