{"id":1961,"date":"2023-10-04T13:50:42","date_gmt":"2023-10-04T11:50:42","guid":{"rendered":"https:\/\/pasaenmendoza.com\/?p=1961"},"modified":"2023-10-04T13:50:43","modified_gmt":"2023-10-04T11:50:43","slug":"a-la-espera-de-la-ley-de-alquileres-propietarios-e-inquilinos-hacen-acuerdos-por-3-y-6-meses","status":"publish","type":"post","link":"https:\/\/pasaenmendoza.com\/?p=1961","title":{"rendered":"A la espera de la Ley de Alquileres, propietarios e inquilinos hacen acuerdos por 3 y 6 meses"},"content":{"rendered":"\n<p>Las idas y vueltas, como la dilaci\u00f3n en el tratamiento de los cambios de la\u00a0<strong>Ley de Alquileres<\/strong>\u00a0-que hace m\u00e1s de un a\u00f1o se demora en el Congreso Nacional- y la escalada inflacionaria que vive la Argentina\u00a0<strong>representan las peores condiciones para las personas que buscan alquilar una propiedad<\/strong>\u00a0o que tienen que\u00a0<strong>renovar el contrato<\/strong>.<\/p>\n\n\n\n<p>La incertidumbre sobre c\u00f3mo ser\u00e1n las nuevas reglas y la escasez de oferta que ya hay en el mercado inmobiliario hicieron surgir una tendencia, que es&nbsp;<strong>la pr\u00f3rroga de los acuerdos por tres y hasta seis meses<\/strong>, aguardando lo que defina la c\u00e1mara de Diputados que trata las modificaciones del Senado. Este mi\u00e9rcoles, se retoma el tratamiento con las modificaciones que hizo la C\u00e1mara Alta.<\/p>\n\n\n\n<p>El presidente de la<strong>\u00a0C\u00e1mara Inmobiliaria de Mendoza, Roberto Irrera<\/strong>, admiti\u00f3 a\u00a0<strong>Diario UNO<\/strong>\u00a0que &#8220;aquellos contratos que se vencieron el 30 de septiembre y que tendr\u00edan que hacer una renovaci\u00f3n,\u00a0<strong>lo que est\u00e1n haciendo es prorrogar por 3 y 6 meses a la espera de la nueva Ley de Alquileres&#8221;<\/strong>.<\/p>\n\n\n\n<p>&#8220;Frente a la poca sensibilidad de la gente del Senado que trajo la discusi\u00f3n a este momento electoral y que genera m\u00e1s incertidumbre en el mercado, lo que se est\u00e1 haciendo es constituir pr\u00f3rrogas por pocos meses&#8221;, asegur\u00f3 el referente del sector inmobiliario.<\/p>\n\n\n\n<h2 class=\"wp-block-heading\">El tratamiento en Diputados<\/h2>\n\n\n\n<p>Este<strong>&nbsp;mi\u00e9rcoles<\/strong>, la C\u00e1mara de Diputados avanzar\u00e1 con los cambios a los que se arrib\u00f3 en el Senado.<\/p>\n\n\n\n<p>Entre las modificaciones est\u00e1 que<strong>&nbsp;se mantenga el plazo m\u00ednimo de locaci\u00f3n de inmueble de 3 a\u00f1os y el cambio sustancial es la actualizaci\u00f3n a partir del coeficiente Casa Propia&nbsp;<\/strong>(que es m\u00e1s bajo que el que se est\u00e1 tomando actualmente y que lo elabora el Banco Central) publicado por el Ministerio de Desarrollo Territorial y H\u00e1bitat.<\/p>\n\n\n\n<p>&#8220;Lo que va a hacer esta propuesta de salir as\u00ed como est\u00e1&nbsp;<strong>es retraer mucho m\u00e1s la oferta y los precios de las viviendas, para ingresar ser\u00e1n m\u00e1s elevados que hoy.&nbsp;<\/strong>Creyendo que van a beneficiar a un sector, que son los inquilinos, lo que est\u00e1n haciendo es perjudicarlo.&nbsp;<strong>Estamos apagando el fuego con nafta<\/strong>&#8220;, recalc\u00f3 Irrera.<\/p>\n\n\n\n<p>&#8220;Lo que est\u00e1 pasando tambi\u00e9n es que aquellos alquileres que vencieron y&nbsp;<strong>cuyos propietarios los est\u00e1n renovando en un plazo de 36 meses, est\u00e1n pidiendo un 30 y un 40% m\u00e1s de lo que valdr\u00eda en plaza<\/strong>&nbsp;y&nbsp;<strong>est\u00e1n levantando tanto el precio que al inquilino se le hace impagable<\/strong>&#8220;, advirti\u00f3 el especialista.<\/p>\n\n\n\n<p>En el sector de Corredores Inmobiliarios comparten el mismo diagn\u00f3stico: &#8220;Los inquilinos que est\u00e1n en situaci\u00f3n de pr\u00f3rroga o renovaci\u00f3n lo est\u00e1n haciendo entre 3 y 6 meses esperando que surja una ley que sea superadora y que le sirva a ambas partes&#8221;, explic\u00f3 el\u00a0<strong>presidente del Colegio de Corredores Inmobiliarios de Mendoza, Eduardo Rosta.<\/strong><\/p>\n\n\n\n<p>Respecto de lo que puede ocurrir de ser aprobados los cambios que introdujo la C\u00e1mara Alta y que pueden llegar a repercutir en el \u00edndice de actualizaci\u00f3n, &#8220;no s\u00f3lo que no va a resolver el problema, sino que es una verg\u00fcenza. Porque en un contexto inflacionario donde hay un 120% anual, ning\u00fan propietario va a aceptar que se utilice<strong>&nbsp;un \u00edndice que el a\u00f1o pasado fue del 70% anual y que si fuera semestral ser\u00eda del 30%&#8221;.<\/strong><\/p>\n\n\n\n<p>En conclusi\u00f3n, &#8220;lo que est\u00e1n haciendo es&nbsp;<strong>agudizar m\u00e1s una situaci\u00f3n<\/strong>&nbsp;que de por s\u00ed ya era cr\u00edtica. Es un error de diagn\u00f3stico atroz&#8221;, insisti\u00f3; y recalc\u00f3:&nbsp;<strong>&#8220;va a ser m\u00e1s inaccesible la propiedad&#8221;<\/strong>.<\/p>\n\n\n\n<h2 class=\"wp-block-heading\">A la espera de la nueva ley, este es el aumento de octubre<\/h2>\n\n\n\n<p>La Ley de Alquileres 27.551 establece el mecanismo de ajuste anual que se rige por el\u00a0<strong>\u00cdndice Para Contratos de Locaci\u00f3n del Banco Central<\/strong>, se constituye con dos variables clave de la econom\u00eda:<strong>\u00a0inflaci\u00f3n y salarios.\u00a0<\/strong>Es decir con el<strong>\u00a0\u00cdndice de Precios al Consumidor (INDEC) que mensualmente publica el Instituto Nacional de Estad\u00edsticas y Censos (INDEC), y en cuanto a salarios la Remuneraci\u00f3n Imponible Promedio de los Trabajadores Estables (RIPTE).<\/strong><\/p>\n\n\n\n<p>De esta cuenta surge que el&nbsp;<strong>coeficiente&nbsp;<\/strong>para la actualizaci\u00f3n en octubre, para quienes deben renovar este mes. Y es del<strong>&nbsp;115,3%.<\/strong>&nbsp;De esta manera, quienes pagaban una cuota hasta el 30 de septiembre de $50.000 pasa a $107.600 y una propiedad por la que ya se pagaba $100.000 cuesta el doble.<\/p>\n\n\n\n<p>&#8220;Para aquellos que celebraron contrato en octubre del a\u00f1o pasado, o del ante a\u00f1o para este octubre es del 115,3% y\u00a0<strong>obviamente es un \u00edndice bastante alto<\/strong>. Y los salarios de estos inquilinos no crecieron de la misma manera, por eso se da una contradicci\u00f3n y una situaci\u00f3n sumamente compleja&#8221;, cerr\u00f3 Irrera.<\/p>\n\n\n\n<p><strong>Fuente: www.diariouno.com.ar<\/strong><\/p>\n","protected":false},"excerpt":{"rendered":"<p>Las idas y vueltas, como la dilaci\u00f3n en el tratamiento de los cambios de la\u00a0Ley de Alquileres\u00a0-que hace m\u00e1s de un a\u00f1o se demora en el Congreso Nacional- y la escalada inflacionaria que vive la Argentina\u00a0representan las peores condiciones para las personas que buscan alquilar una propiedad\u00a0o que tienen que\u00a0renovar el contrato. La incertidumbre sobre [&hellip;]<\/p>\n","protected":false},"author":2,"featured_media":1962,"comment_status":"open","ping_status":"open","sticky":false,"template":"","format":"standard","meta":[],"categories":[50],"tags":[],"_links":{"self":[{"href":"https:\/\/pasaenmendoza.com\/index.php?rest_route=\/wp\/v2\/posts\/1961"}],"collection":[{"href":"https:\/\/pasaenmendoza.com\/index.php?rest_route=\/wp\/v2\/posts"}],"about":[{"href":"https:\/\/pasaenmendoza.com\/index.php?rest_route=\/wp\/v2\/types\/post"}],"author":[{"embeddable":true,"href":"https:\/\/pasaenmendoza.com\/index.php?rest_route=\/wp\/v2\/users\/2"}],"replies":[{"embeddable":true,"href":"https:\/\/pasaenmendoza.com\/index.php?rest_route=%2Fwp%2Fv2%2Fcomments&post=1961"}],"version-history":[{"count":1,"href":"https:\/\/pasaenmendoza.com\/index.php?rest_route=\/wp\/v2\/posts\/1961\/revisions"}],"predecessor-version":[{"id":1963,"href":"https:\/\/pasaenmendoza.com\/index.php?rest_route=\/wp\/v2\/posts\/1961\/revisions\/1963"}],"wp:featuredmedia":[{"embeddable":true,"href":"https:\/\/pasaenmendoza.com\/index.php?rest_route=\/wp\/v2\/media\/1962"}],"wp:attachment":[{"href":"https:\/\/pasaenmendoza.com\/index.php?rest_route=%2Fwp%2Fv2%2Fmedia&parent=1961"}],"wp:term":[{"taxonomy":"category","embeddable":true,"href":"https:\/\/pasaenmendoza.com\/index.php?rest_route=%2Fwp%2Fv2%2Fcategories&post=1961"},{"taxonomy":"post_tag","embeddable":true,"href":"https:\/\/pasaenmendoza.com\/index.php?rest_route=%2Fwp%2Fv2%2Ftags&post=1961"}],"curies":[{"name":"wp","href":"https:\/\/api.w.org\/{rel}","templated":true}]}}