{"id":1970,"date":"2023-10-04T14:20:58","date_gmt":"2023-10-04T12:20:58","guid":{"rendered":"https:\/\/pasaenmendoza.com\/?p=1970"},"modified":"2023-10-04T14:20:59","modified_gmt":"2023-10-04T12:20:59","slug":"la-justicia-imputo-por-balances-falsos-a-siete-directivos-del-gigante-vitivinicola-fecovita","status":"publish","type":"post","link":"https:\/\/pasaenmendoza.com\/?p=1970","title":{"rendered":"La Justicia imput\u00f3 por &#8220;balances falsos&#8221; a siete directivos del gigante vitivin\u00edcola Fecovita"},"content":{"rendered":"\n<p>Este martes, la fiscal\u00eda a cargo de Flavio D&#8217;amore acus\u00f3 a directivos y s\u00edndicos de\u00a0<strong>Fecovita\u00a0<\/strong>por una presunta alteraci\u00f3n de balances y estados contables de la firma en los a\u00f1os 2021 y 2022, con el objetivo de esconder su verdadero estado patrimonial.<\/p>\n\n\n\n<p>La\u00a0<strong>imputaci\u00f3n\u00a0<\/strong>cay\u00f3 sobre:<\/p>\n\n\n\n<ul>\n<li>Rub\u00e9n Panella, actual presidente.<\/li>\n\n\n\n<li>Marcelo Federici, actual secretario.<\/li>\n\n\n\n<li>Los s\u00edndicos titulares Hilda Vaiaretti, Eugenio Portera y Roberto V\u00e1zquez.&nbsp;<\/li>\n\n\n\n<li>Tambi\u00e9n fueron imputados el expresidente y extesorero Eduardo Sancho y Jorge Ira\u00f1eta.<\/li>\n<\/ul>\n\n\n\n<p>El delito prev\u00e9 penas de\u00a0<strong>hasta dos a\u00f1os de prisi\u00f3n<\/strong>, y busca proteger la fe p\u00fablica y el sistema econ\u00f3mico y crediticio. Sin embargo, la\u00a0<strong>Justicia\u00a0<\/strong>se resolvi\u00f3 el mantenimiento de la libertad de los acusados.<\/p>\n\n\n\n<h3 class=\"wp-block-heading\"><strong>La respuesta de Fecovita y las acusaciones en su contra<\/strong><\/h3>\n\n\n\n<p>La empresa emiti\u00f3 un comunicado de prensa donde asegur\u00f3 que todo ser\u00eda una nueva embestida de\u00a0<strong>Iberte\u00a0<\/strong>contra la compa\u00f1\u00eda cooperativista. Seg\u00fan expresaron, tomaron conocimiento de las imputaciones por los medios de comunicaci\u00f3n y explicaron que \u201cse trata de una nueva denuncia de las firmas Iberte y Evisa. La justicia ha tomado esta resoluci\u00f3n basada en informaci\u00f3n s\u00f3lo aportada por el denunciante y sin nuestra participaci\u00f3n\u201d.<\/p>\n\n\n\n<p>En cambio, la Fiscal\u00eda sostiene que los imputados habr\u00edan omitido deliberadamente consignar circunstancias relevantes respecto a la situaci\u00f3n econ\u00f3mica de la empresa, como el retiro de Fecovita de la sociedad Exportadora Vitivin\u00edcola S.A., y el hecho relevante del Acuerdo Final celebrado por la Federaci\u00f3n con la firma extranjera Iberte S.R.O. y Exportadora Vitivin\u00edcola S.A. que obligaba a Fecovita a pagar una suma total, en octubre de 2022, de $ 3.515.622.630,20.<\/p>\n\n\n\n<p>La omisi\u00f3n de consignar estas circunstancias relevantes habr\u00eda distorsionado el conocimiento de la situaci\u00f3n patrimonial, econ\u00f3mica y financiera real de Fecovita. De esta forma, ocultar\u00eda a sus asociados, acreedores y posibles terceros interesados, incumpliendo a su vez mediante dicho accionar el deber de veracidad informativa a su cargo.<\/p>\n\n\n\n<p>Al respecto, Fecovita inform\u00f3 que los balances son reales y que ya hab\u00edan sido auditados por una compa\u00f1\u00eda internacional. \u201cQueremos informar que nuestros balances 2021 y 2022 son totalmente ver\u00eddicos, como los m\u00e1s de 40 balances anteriores y adem\u00e1s fueron dictaminados por la prestigiosa firma internacional Lisicki&amp;Litvin\u201d, expresaron.<\/p>\n\n\n\n<p><strong>Fuente: www.diariomendoza.com.ar<\/strong><\/p>\n","protected":false},"excerpt":{"rendered":"<p>Este martes, la fiscal\u00eda a cargo de Flavio D&#8217;amore acus\u00f3 a directivos y s\u00edndicos de\u00a0Fecovita\u00a0por una presunta alteraci\u00f3n de balances y estados contables de la firma en los a\u00f1os 2021 y 2022, con el objetivo de esconder su verdadero estado patrimonial. La\u00a0imputaci\u00f3n\u00a0cay\u00f3 sobre: El delito prev\u00e9 penas de\u00a0hasta dos a\u00f1os de prisi\u00f3n, y busca proteger [&hellip;]<\/p>\n","protected":false},"author":2,"featured_media":1971,"comment_status":"open","ping_status":"open","sticky":false,"template":"","format":"standard","meta":[],"categories":[60],"tags":[],"_links":{"self":[{"href":"https:\/\/pasaenmendoza.com\/index.php?rest_route=\/wp\/v2\/posts\/1970"}],"collection":[{"href":"https:\/\/pasaenmendoza.com\/index.php?rest_route=\/wp\/v2\/posts"}],"about":[{"href":"https:\/\/pasaenmendoza.com\/index.php?rest_route=\/wp\/v2\/types\/post"}],"author":[{"embeddable":true,"href":"https:\/\/pasaenmendoza.com\/index.php?rest_route=\/wp\/v2\/users\/2"}],"replies":[{"embeddable":true,"href":"https:\/\/pasaenmendoza.com\/index.php?rest_route=%2Fwp%2Fv2%2Fcomments&post=1970"}],"version-history":[{"count":1,"href":"https:\/\/pasaenmendoza.com\/index.php?rest_route=\/wp\/v2\/posts\/1970\/revisions"}],"predecessor-version":[{"id":1972,"href":"https:\/\/pasaenmendoza.com\/index.php?rest_route=\/wp\/v2\/posts\/1970\/revisions\/1972"}],"wp:featuredmedia":[{"embeddable":true,"href":"https:\/\/pasaenmendoza.com\/index.php?rest_route=\/wp\/v2\/media\/1971"}],"wp:attachment":[{"href":"https:\/\/pasaenmendoza.com\/index.php?rest_route=%2Fwp%2Fv2%2Fmedia&parent=1970"}],"wp:term":[{"taxonomy":"category","embeddable":true,"href":"https:\/\/pasaenmendoza.com\/index.php?rest_route=%2Fwp%2Fv2%2Fcategories&post=1970"},{"taxonomy":"post_tag","embeddable":true,"href":"https:\/\/pasaenmendoza.com\/index.php?rest_route=%2Fwp%2Fv2%2Ftags&post=1970"}],"curies":[{"name":"wp","href":"https:\/\/api.w.org\/{rel}","templated":true}]}}