{"id":1973,"date":"2023-10-04T14:32:23","date_gmt":"2023-10-04T12:32:23","guid":{"rendered":"https:\/\/pasaenmendoza.com\/?p=1973"},"modified":"2023-10-04T14:32:24","modified_gmt":"2023-10-04T12:32:24","slug":"miercoles-con-ascenso-de-la-temperatura-el-pronostico-para-mendoza","status":"publish","type":"post","link":"https:\/\/pasaenmendoza.com\/?p=1973","title":{"rendered":"Mi\u00e9rcoles con ascenso de la temperatura: el pron\u00f3stico para Mendoza"},"content":{"rendered":"\n<p>El\u00a0<strong>mi\u00e9rcoles<\/strong>\u00a0amaneci\u00f3 nublado, luego de las lloviznas que se produjeron el d\u00eda anterior en varios departamentos de\u00a0<strong>Mendoza<\/strong>.<\/p>\n\n\n\n<p>De acuerdo con Contingencias Clim\u00e1tica, la jornada se presentar\u00e1 algo nublada con ascenso de la temperatura, vientos leves del Noreste. Se estima que la m\u00e1xima llegue a los 21 grados.<\/p>\n\n\n\n<p>El\u00a0<strong>jueves\u00a0<\/strong>habr\u00e1 poco cambio de la temperatura pero con inestabilidad hacia la noche. Se espera una m\u00e1xima de 26 grados y vientos leves del Este.<\/p>\n\n\n\n<p>Hacia el\u00a0<strong>viernes<\/strong>, el pron\u00f3stico indica algo nublado con descenso de la temperatura, vientos del sector sur rotando al Este. Inestable en las primeras horas.<\/p>\n\n\n\n<p><strong>Fuente: www.elsol.com.ar<\/strong><\/p>\n","protected":false},"excerpt":{"rendered":"<p>El\u00a0mi\u00e9rcoles\u00a0amaneci\u00f3 nublado, luego de las lloviznas que se produjeron el d\u00eda anterior en varios departamentos de\u00a0Mendoza. De acuerdo con Contingencias Clim\u00e1tica, la jornada se presentar\u00e1 algo nublada con ascenso de la temperatura, vientos leves del Noreste. Se estima que la m\u00e1xima llegue a los 21 grados. El\u00a0jueves\u00a0habr\u00e1 poco cambio de la temperatura pero con inestabilidad [&hellip;]<\/p>\n","protected":false},"author":2,"featured_media":1974,"comment_status":"open","ping_status":"open","sticky":false,"template":"","format":"standard","meta":[],"categories":[52],"tags":[],"_links":{"self":[{"href":"https:\/\/pasaenmendoza.com\/index.php?rest_route=\/wp\/v2\/posts\/1973"}],"collection":[{"href":"https:\/\/pasaenmendoza.com\/index.php?rest_route=\/wp\/v2\/posts"}],"about":[{"href":"https:\/\/pasaenmendoza.com\/index.php?rest_route=\/wp\/v2\/types\/post"}],"author":[{"embeddable":true,"href":"https:\/\/pasaenmendoza.com\/index.php?rest_route=\/wp\/v2\/users\/2"}],"replies":[{"embeddable":true,"href":"https:\/\/pasaenmendoza.com\/index.php?rest_route=%2Fwp%2Fv2%2Fcomments&post=1973"}],"version-history":[{"count":1,"href":"https:\/\/pasaenmendoza.com\/index.php?rest_route=\/wp\/v2\/posts\/1973\/revisions"}],"predecessor-version":[{"id":1975,"href":"https:\/\/pasaenmendoza.com\/index.php?rest_route=\/wp\/v2\/posts\/1973\/revisions\/1975"}],"wp:featuredmedia":[{"embeddable":true,"href":"https:\/\/pasaenmendoza.com\/index.php?rest_route=\/wp\/v2\/media\/1974"}],"wp:attachment":[{"href":"https:\/\/pasaenmendoza.com\/index.php?rest_route=%2Fwp%2Fv2%2Fmedia&parent=1973"}],"wp:term":[{"taxonomy":"category","embeddable":true,"href":"https:\/\/pasaenmendoza.com\/index.php?rest_route=%2Fwp%2Fv2%2Fcategories&post=1973"},{"taxonomy":"post_tag","embeddable":true,"href":"https:\/\/pasaenmendoza.com\/index.php?rest_route=%2Fwp%2Fv2%2Ftags&post=1973"}],"curies":[{"name":"wp","href":"https:\/\/api.w.org\/{rel}","templated":true}]}}