{"id":1976,"date":"2023-10-04T14:36:24","date_gmt":"2023-10-04T12:36:24","guid":{"rendered":"https:\/\/pasaenmendoza.com\/?p=1976"},"modified":"2023-10-04T14:36:25","modified_gmt":"2023-10-04T12:36:25","slug":"un-micro-choco-contra-un-arbol-en-pleno-centro","status":"publish","type":"post","link":"https:\/\/pasaenmendoza.com\/?p=1976","title":{"rendered":"Un micro choc\u00f3 contra un \u00e1rbol en pleno Centro"},"content":{"rendered":"\n<p>Un\u00a0<strong>colectivo del Grupo 300<\/strong>\u00a0<strong>choc\u00f3<\/strong>\u00a0contra un \u00e1rbol en la calle Per\u00fa y Avenida Godoy Cruz del centro mendocino.<\/p>\n\n\n\n<p>El hecho ocurri\u00f3 este martes por la noche, alrededor de las 21 horas, cuando el chofer circulaba en sentido hacia el Sur y perdi\u00f3 el control del rodado e impact\u00f3 contra el \u00e1rbol.<\/p>\n\n\n\n<p>Por el choque resultaron heridos 18 pasajeros con politraumatismos y debieron ser trasladados en ambulancias del Servicio Coordinado de Emergencias a la Cl\u00ednica Santa Mart\u00eda, Hospital Central, Hospital Privado y al Hospital El Carmen.<\/p>\n\n\n\n<p><strong>Fuente: www.mendozapost.com<\/strong><\/p>\n","protected":false},"excerpt":{"rendered":"<p>Un\u00a0colectivo del Grupo 300\u00a0choc\u00f3\u00a0contra un \u00e1rbol en la calle Per\u00fa y Avenida Godoy Cruz del centro mendocino. El hecho ocurri\u00f3 este martes por la noche, alrededor de las 21 horas, cuando el chofer circulaba en sentido hacia el Sur y perdi\u00f3 el control del rodado e impact\u00f3 contra el \u00e1rbol. Por el choque resultaron heridos [&hellip;]<\/p>\n","protected":false},"author":2,"featured_media":1977,"comment_status":"open","ping_status":"open","sticky":false,"template":"","format":"standard","meta":[],"categories":[48],"tags":[],"_links":{"self":[{"href":"https:\/\/pasaenmendoza.com\/index.php?rest_route=\/wp\/v2\/posts\/1976"}],"collection":[{"href":"https:\/\/pasaenmendoza.com\/index.php?rest_route=\/wp\/v2\/posts"}],"about":[{"href":"https:\/\/pasaenmendoza.com\/index.php?rest_route=\/wp\/v2\/types\/post"}],"author":[{"embeddable":true,"href":"https:\/\/pasaenmendoza.com\/index.php?rest_route=\/wp\/v2\/users\/2"}],"replies":[{"embeddable":true,"href":"https:\/\/pasaenmendoza.com\/index.php?rest_route=%2Fwp%2Fv2%2Fcomments&post=1976"}],"version-history":[{"count":1,"href":"https:\/\/pasaenmendoza.com\/index.php?rest_route=\/wp\/v2\/posts\/1976\/revisions"}],"predecessor-version":[{"id":1978,"href":"https:\/\/pasaenmendoza.com\/index.php?rest_route=\/wp\/v2\/posts\/1976\/revisions\/1978"}],"wp:featuredmedia":[{"embeddable":true,"href":"https:\/\/pasaenmendoza.com\/index.php?rest_route=\/wp\/v2\/media\/1977"}],"wp:attachment":[{"href":"https:\/\/pasaenmendoza.com\/index.php?rest_route=%2Fwp%2Fv2%2Fmedia&parent=1976"}],"wp:term":[{"taxonomy":"category","embeddable":true,"href":"https:\/\/pasaenmendoza.com\/index.php?rest_route=%2Fwp%2Fv2%2Fcategories&post=1976"},{"taxonomy":"post_tag","embeddable":true,"href":"https:\/\/pasaenmendoza.com\/index.php?rest_route=%2Fwp%2Fv2%2Ftags&post=1976"}],"curies":[{"name":"wp","href":"https:\/\/api.w.org\/{rel}","templated":true}]}}