{"id":1979,"date":"2023-10-04T14:39:22","date_gmt":"2023-10-04T12:39:22","guid":{"rendered":"https:\/\/pasaenmendoza.com\/?p=1979"},"modified":"2023-10-04T14:39:23","modified_gmt":"2023-10-04T12:39:23","slug":"tiene-11-anos-y-lo-atraparon-robando-medidores-de-agua-en-ciudad","status":"publish","type":"post","link":"https:\/\/pasaenmendoza.com\/?p=1979","title":{"rendered":"Tiene 11 a\u00f1os y lo atraparon robando medidores de agua en Ciudad"},"content":{"rendered":"\n<p>Dos chicos de 11 y 18 a\u00f1os fueron detenidos la tarde de este martes robando medidores de agua en\u00a0<strong>Ciudad<\/strong>. El menor de edad qued\u00f3 a disposici\u00f3n de los\u00a0<strong>Equipos T\u00e9cnicos Interdisciplinarios\u00a0<\/strong>(<strong>ETI<\/strong>)<\/p>\n\n\n\n<p>El episodio se registr\u00f3 minutos antes de las 15 cuando personal policial se desplaz\u00f3 al cruce de calles Buenos Aires y Federico Moreno, luego de tomar conocimiento sobre sujetos que estaban sustrayendo medidores de\u00a0<strong>Aguas Mendocinas\u00a0<\/strong>en la zona.<\/p>\n\n\n\n<p>Una vez all\u00ed, divisaron a los dos sospechosos y los aprehendieron, secuestr\u00e1ndoles dos hidr\u00f3metro\u200bs sustra\u00eddos de un domicilio de ese sector.<\/p>\n\n\n\n<p>Al identificarlos, constataron que uno de ellos era menor inimputable, motivo por el que tom\u00f3 intervenci\u00f3n el ETI para resolver su situaci\u00f3n y entregarlo a sus progenitores.<\/p>\n\n\n\n<p><strong>Fuente: www.elsol.com.ar<\/strong><\/p>\n","protected":false},"excerpt":{"rendered":"<p>Dos chicos de 11 y 18 a\u00f1os fueron detenidos la tarde de este martes robando medidores de agua en\u00a0Ciudad. El menor de edad qued\u00f3 a disposici\u00f3n de los\u00a0Equipos T\u00e9cnicos Interdisciplinarios\u00a0(ETI) El episodio se registr\u00f3 minutos antes de las 15 cuando personal policial se desplaz\u00f3 al cruce de calles Buenos Aires y Federico Moreno, luego de [&hellip;]<\/p>\n","protected":false},"author":2,"featured_media":1980,"comment_status":"open","ping_status":"open","sticky":false,"template":"","format":"standard","meta":[],"categories":[48],"tags":[],"_links":{"self":[{"href":"https:\/\/pasaenmendoza.com\/index.php?rest_route=\/wp\/v2\/posts\/1979"}],"collection":[{"href":"https:\/\/pasaenmendoza.com\/index.php?rest_route=\/wp\/v2\/posts"}],"about":[{"href":"https:\/\/pasaenmendoza.com\/index.php?rest_route=\/wp\/v2\/types\/post"}],"author":[{"embeddable":true,"href":"https:\/\/pasaenmendoza.com\/index.php?rest_route=\/wp\/v2\/users\/2"}],"replies":[{"embeddable":true,"href":"https:\/\/pasaenmendoza.com\/index.php?rest_route=%2Fwp%2Fv2%2Fcomments&post=1979"}],"version-history":[{"count":1,"href":"https:\/\/pasaenmendoza.com\/index.php?rest_route=\/wp\/v2\/posts\/1979\/revisions"}],"predecessor-version":[{"id":1981,"href":"https:\/\/pasaenmendoza.com\/index.php?rest_route=\/wp\/v2\/posts\/1979\/revisions\/1981"}],"wp:featuredmedia":[{"embeddable":true,"href":"https:\/\/pasaenmendoza.com\/index.php?rest_route=\/wp\/v2\/media\/1980"}],"wp:attachment":[{"href":"https:\/\/pasaenmendoza.com\/index.php?rest_route=%2Fwp%2Fv2%2Fmedia&parent=1979"}],"wp:term":[{"taxonomy":"category","embeddable":true,"href":"https:\/\/pasaenmendoza.com\/index.php?rest_route=%2Fwp%2Fv2%2Fcategories&post=1979"},{"taxonomy":"post_tag","embeddable":true,"href":"https:\/\/pasaenmendoza.com\/index.php?rest_route=%2Fwp%2Fv2%2Ftags&post=1979"}],"curies":[{"name":"wp","href":"https:\/\/api.w.org\/{rel}","templated":true}]}}