{"id":1988,"date":"2023-10-05T13:26:49","date_gmt":"2023-10-05T11:26:49","guid":{"rendered":"https:\/\/pasaenmendoza.com\/?p=1988"},"modified":"2023-10-05T13:26:50","modified_gmt":"2023-10-05T11:26:50","slug":"el-plan-platita-es-funcional-a-la-dolarizacion-de-milei","status":"publish","type":"post","link":"https:\/\/pasaenmendoza.com\/?p=1988","title":{"rendered":"El \u201cPlan Platita\u201d es funcional a la dolarizaci\u00f3n de Milei."},"content":{"rendered":"\n<p>Un grupo de abogados, referentes en Derecho Administrativo y Constitucional y en regulaciones econ\u00f3micas, dijo este mi\u00e9rcoles, por medio de un documento, que muchas de las medidas que est\u00e1 tomando el Gobierno, como el&nbsp;<em>\u201cplan platita\u201d<\/em>, potenciado a pocas semanas de las elecciones, no s\u00f3lo va camino a una peligrosa y nociva hiperinflaci\u00f3n, sino que, adem\u00e1s, y aqu\u00ed lo m\u00e1s importante e intrigante de todo, es que este tipo de medidas y la direcci\u00f3n de las mismas llevan a un deterioro \u201c<em>acelerado de la moneda argentina\u201d y que \u201cextra\u00f1amente parece confluir hacia un mismo fin; parece haber un pacto, sea expl\u00edcito o t\u00e1cito\u201d.<\/em><\/p>\n\n\n\n<p>El grupo es&nbsp;<strong>Saravia Fr\u00edas<\/strong>, liderado por&nbsp;<strong>Bernardo y Carlos Saravia Fr\u00edas<\/strong>, cercano a&nbsp;<strong>Mauricio Macri<\/strong>, tanto y a tal punto que se involucr\u00f3 en aquel gobierno con Bernardo como procurador del Tesoro durante el 2019. Y el pacto al que hace alusi\u00f3n es el abono del terreno hacia una dolarizaci\u00f3n inevitable, previo paso por un per\u00edodo de hiperinflaci\u00f3n. Y sin que se lo escriba en el documento, se menciona el que es para muchos ya un evidente y claro acuerdo entre el kirchnerismo o, al menos, una parte de \u00e9l, con&nbsp;<strong>Massa&nbsp;<\/strong>a la cabeza y el propio&nbsp;<strong>Milei<\/strong>, todo con vistas a la nueva etapa que encarar\u00e1 el pa\u00eds con el gobierno que asuma en diciembre.<\/p>\n\n\n\n<p>El documento circul\u00f3 este mi\u00e9rcoles en los grupos de wasap vinculados a Juntos por el Cambio y Patricia Bullrich y lleva por t\u00edtulo:&nbsp;<em>\u201cDolarizaci\u00f3n, \u00bfen serio?\u201d.<\/em>&nbsp;Entre otras cosas, all\u00ed se explica por qu\u00e9 el camino elegido por este sector de la oposici\u00f3n ser\u00eda el m\u00e1s conveniente para salir de la crisis, en vez de lo que propone el economista libertario, con el aparente gui\u00f1o de Massa y compa\u00f1\u00eda. Las cosas que hay que hacer, afirman los abogados,&nbsp;<em>\u201ctienen que ver con proteger el derecho de propiedad de los argentinos, con no endeudar m\u00e1s a las generaciones futuras y con asumir el costo de los desbarajustes fiscales y pol\u00edticos de manera responsable, con un plan de estabilizaci\u00f3n de verdad. Por todo esto, hablemos en serio y dejemos de lado las mentiras. Eso es seguridad, seguridad jur\u00eddica\u201d.<\/em><\/p>\n\n\n\n<p>Y, antes de hacer menci\u00f3n a ese plan de estabilizaci\u00f3n que creen m\u00e1s beneficioso que una dolarizaci\u00f3n, los constitucionalistas sostienen:&nbsp;<em>\u201cLa acci\u00f3n acelerada del \u00faltimo \u2018plan platita\u2019 nos ha puesto ya en camino de la hiperinflaci\u00f3n. Un triste fen\u00f3meno monetario que facilitar\u00eda enormemente un proceso dolarizador, porque licuar\u00eda tanto la base monetaria como las Leliq y gran parte de la deuda soberana en pesos vigente\u201d.<\/em><\/p>\n\n\n\n<p>Y, m\u00e1s adelante, recuerda lo que pas\u00f3 en la Argentina durante las \u00e9pocas hiperinflacionarias:&nbsp;<em>\u201cPara los que no vivieron o estudiaron un fen\u00f3meno hiperinflacionario, basta con decir que significa la mayor destrucci\u00f3n de riqueza que puede sufrir un pa\u00eds: los salarios de la gente, los activos del sector privado, en definitiva, su propiedad\u201d. Y agrega: \u201cDonde reside el mayor problema de axiolog\u00eda constitucional, tanto de la propuesta dolarizadora como la de la acci\u00f3n hiperinflacionaria solidaria que est\u00e1 llevando adelante este gobierno\u201d.<\/em><\/p>\n\n\n\n<p>Sigue:&nbsp;<em>\u201cLo que se est\u00e1 haciendo y lo que se propone es atacar el derecho de propiedad de todos los argentinos a trav\u00e9s -sostiene\u2013 de una manganeta, un pase de magia para que el costo de los excesos de la pol\u00edtica y el gasto p\u00fablico lo pague una vez m\u00e1s el sector privado. Pero, sobre todo, la gente, el ciudadano com\u00fan\u201d.<\/em><\/p>\n\n\n\n<p>Las advertencias y dudas o sospechas, dichas en tono de denuncia, de que existe un pacto entre este gobierno y quien propone la dolarizaci\u00f3n en el contexto electoral, que hace el estudio de abogados, coinciden con la visi\u00f3n que tiene el&nbsp;<strong>Banco Mundial<\/strong>&nbsp;respecto de la Argentina para el a\u00f1o pr\u00f3ximo en cuanto a su situaci\u00f3n econ\u00f3mica: el riesgo de una hiperinflaci\u00f3n y una mentada dolarizaci\u00f3n.<\/p>\n\n\n\n<p><strong>William Maloney<\/strong>, el economista jefe para Am\u00e9rica latina del Banco Mundial, alej\u00f3 por el momento un riesgo de hiperinflaci\u00f3n en el pa\u00eds porque, para llegar a un umbral de esa caracter\u00edstica, se deber\u00eda tener arriba de 50 por ciento de inflaci\u00f3n mensual. De igual forma, remarc\u00f3 la necesidad de la Argentina de implementar un plan de normalizaci\u00f3n de las variables buscando el equilibrio de las cuentas. Y agreg\u00f3, sobre la dolarizaci\u00f3n, que&nbsp;<em>\u201cpuede ser \u00fatil para gestionar las expectativas de inflaci\u00f3n y eso es porque se limita la capacidad del Banco Central para imprimir dinero\u201d<\/em>. Y agreg\u00f3:&nbsp;<em>\u201cSi no se mantienen en l\u00ednea las cuentas fiscales, se van a producir otras distorsiones y problemas, por lo cual se requiere todo un paquete de equilibrio fiscal y la creaci\u00f3n de la confianza en el Gobierno y en una actitud seria del Ejecutivo para el control de la inflaci\u00f3n\u201d.<\/em><\/p>\n\n\n\n<p>Volviendo al documento de los Saravia Fr\u00edas, entre otras cosas, se indica que se<br>necesitar\u00edan 35.000 millones de d\u00f3lares para dolarizar la econom\u00eda y para conver-<br>tir toda la base monetaria m\u00e1s las Leliq:\u00a0<em>\u201cSi se quiere pedir prestado ese monto,<br>implicar\u00eda tomar nueva deuda soberana por m\u00e1s de 120.000 millones de d\u00f3lares,<br>sencillamente, porque, luego de las PASO, los t\u00edtulos p\u00fablicos argentinos cotizan a<br>30 por ciento de su valor nominal\u201d.<\/em><\/p>\n\n\n\n<p>FUENTE: elsol.com.ar<\/p>\n","protected":false},"excerpt":{"rendered":"<p>Un grupo de abogados, referentes en Derecho Administrativo y Constitucional y en regulaciones econ\u00f3micas, dijo este mi\u00e9rcoles, por medio de un documento, que muchas de las medidas que est\u00e1 tomando el Gobierno, como el&nbsp;\u201cplan platita\u201d, potenciado a pocas semanas de las elecciones, no s\u00f3lo va camino a una peligrosa y nociva hiperinflaci\u00f3n, sino que, adem\u00e1s, [&hellip;]<\/p>\n","protected":false},"author":2,"featured_media":1989,"comment_status":"open","ping_status":"open","sticky":true,"template":"","format":"standard","meta":[],"categories":[67],"tags":[],"_links":{"self":[{"href":"https:\/\/pasaenmendoza.com\/index.php?rest_route=\/wp\/v2\/posts\/1988"}],"collection":[{"href":"https:\/\/pasaenmendoza.com\/index.php?rest_route=\/wp\/v2\/posts"}],"about":[{"href":"https:\/\/pasaenmendoza.com\/index.php?rest_route=\/wp\/v2\/types\/post"}],"author":[{"embeddable":true,"href":"https:\/\/pasaenmendoza.com\/index.php?rest_route=\/wp\/v2\/users\/2"}],"replies":[{"embeddable":true,"href":"https:\/\/pasaenmendoza.com\/index.php?rest_route=%2Fwp%2Fv2%2Fcomments&post=1988"}],"version-history":[{"count":1,"href":"https:\/\/pasaenmendoza.com\/index.php?rest_route=\/wp\/v2\/posts\/1988\/revisions"}],"predecessor-version":[{"id":1990,"href":"https:\/\/pasaenmendoza.com\/index.php?rest_route=\/wp\/v2\/posts\/1988\/revisions\/1990"}],"wp:featuredmedia":[{"embeddable":true,"href":"https:\/\/pasaenmendoza.com\/index.php?rest_route=\/wp\/v2\/media\/1989"}],"wp:attachment":[{"href":"https:\/\/pasaenmendoza.com\/index.php?rest_route=%2Fwp%2Fv2%2Fmedia&parent=1988"}],"wp:term":[{"taxonomy":"category","embeddable":true,"href":"https:\/\/pasaenmendoza.com\/index.php?rest_route=%2Fwp%2Fv2%2Fcategories&post=1988"},{"taxonomy":"post_tag","embeddable":true,"href":"https:\/\/pasaenmendoza.com\/index.php?rest_route=%2Fwp%2Fv2%2Ftags&post=1988"}],"curies":[{"name":"wp","href":"https:\/\/api.w.org\/{rel}","templated":true}]}}