{"id":1991,"date":"2023-10-05T13:30:24","date_gmt":"2023-10-05T11:30:24","guid":{"rendered":"https:\/\/pasaenmendoza.com\/?p=1991"},"modified":"2023-10-05T13:30:25","modified_gmt":"2023-10-05T11:30:25","slug":"cooperativas-fantasma-y-abusos-todos-los-escandalos-de-las-heras","status":"publish","type":"post","link":"https:\/\/pasaenmendoza.com\/?p=1991","title":{"rendered":"Cooperativas fantasma y abusos, todos los esc\u00e1ndalos de Las Heras."},"content":{"rendered":"\n<p>A fines de abril, un audio de 26 minutos lleg\u00f3 a varios medios y periodistas de Mendoza. All\u00ed, se escuchaba a un hombre y una mujer en una conversaci\u00f3n camino de un hotel alojamiento. El se\u00f1or, luego sabr\u00edamos que se trataba del subsecretario de pol\u00edticas sociales de Las Heras\u00a0<strong>Osvaldo Oyhenart<\/strong>, admite en un tramo de esa conversaci\u00f3n que puede hacer ingresar personas a la municipalidad con datos y documentaci\u00f3n falseada, a &#8220;trabajar&#8221; para &#8220;cobrar un sueldo&#8221;. Este tipo de registros siempre genera dudas. All\u00ed hab\u00eda un probable delito, aunque era obvio que quienes difundieron ese audio ten\u00edan una intencionalidad, con las elecciones muy cerca. Pero&#8230; \u00bfQu\u00e9 hacer con los hechos que se describ\u00edan? Luego de un debate interno, decidimos hacer lo que hacemos los periodistas: investigar.<\/p>\n\n\n\n<p>La investigaci\u00f3n period\u00edstica nos llev\u00f3 casi dos meses de una compulsa diaria de documentaci\u00f3n, registros y testimonios, que en volumen por lo menos &#8220;empataban&#8221; al Caso Lobos.\u00a0El 14 de junio hicimos la primera publicaci\u00f3n. El 16, un fiscal abri\u00f3 una causa. Desde entonces, hay nueve imputados por distintos casos judiciales que en conjunto forman lo que hemos llamado\u00a0#Las HerasGate.\u00a0 En el siguiente cuadro, armado con herramientas de c\u00f3digo abierto de\u00a0<strong>Knight Lab<\/strong>\u00a0(<em>Universidad de Northwestern, San Francisco<\/em>), hemos dispuesto una cronolog\u00eda de los hechos y datos principales, desde aquella primera publicaci\u00f3n hasta la \u00faltima novedad registrada,\u00a0un informe del Bolet\u00edn Oficial del que dimos cuenta ayer. Simplemente hay que hacer &#8220;slide&#8221; lateral tanto en dispositivos m\u00f3viles, como tablets o computadoras, para tener un pantallazo de lo que probablemente sea el mayor caso de corrupci\u00f3n de los \u00faltimos a\u00f1os:<\/p>\n\n\n\n<p>FUENTE: mendozapost.<\/p>\n","protected":false},"excerpt":{"rendered":"<p>A fines de abril, un audio de 26 minutos lleg\u00f3 a varios medios y periodistas de Mendoza. All\u00ed, se escuchaba a un hombre y una mujer en una conversaci\u00f3n camino de un hotel alojamiento. El se\u00f1or, luego sabr\u00edamos que se trataba del subsecretario de pol\u00edticas sociales de Las Heras\u00a0Osvaldo Oyhenart, admite en un tramo de [&hellip;]<\/p>\n","protected":false},"author":2,"featured_media":1992,"comment_status":"open","ping_status":"open","sticky":true,"template":"","format":"standard","meta":[],"categories":[47],"tags":[],"_links":{"self":[{"href":"https:\/\/pasaenmendoza.com\/index.php?rest_route=\/wp\/v2\/posts\/1991"}],"collection":[{"href":"https:\/\/pasaenmendoza.com\/index.php?rest_route=\/wp\/v2\/posts"}],"about":[{"href":"https:\/\/pasaenmendoza.com\/index.php?rest_route=\/wp\/v2\/types\/post"}],"author":[{"embeddable":true,"href":"https:\/\/pasaenmendoza.com\/index.php?rest_route=\/wp\/v2\/users\/2"}],"replies":[{"embeddable":true,"href":"https:\/\/pasaenmendoza.com\/index.php?rest_route=%2Fwp%2Fv2%2Fcomments&post=1991"}],"version-history":[{"count":1,"href":"https:\/\/pasaenmendoza.com\/index.php?rest_route=\/wp\/v2\/posts\/1991\/revisions"}],"predecessor-version":[{"id":1993,"href":"https:\/\/pasaenmendoza.com\/index.php?rest_route=\/wp\/v2\/posts\/1991\/revisions\/1993"}],"wp:featuredmedia":[{"embeddable":true,"href":"https:\/\/pasaenmendoza.com\/index.php?rest_route=\/wp\/v2\/media\/1992"}],"wp:attachment":[{"href":"https:\/\/pasaenmendoza.com\/index.php?rest_route=%2Fwp%2Fv2%2Fmedia&parent=1991"}],"wp:term":[{"taxonomy":"category","embeddable":true,"href":"https:\/\/pasaenmendoza.com\/index.php?rest_route=%2Fwp%2Fv2%2Fcategories&post=1991"},{"taxonomy":"post_tag","embeddable":true,"href":"https:\/\/pasaenmendoza.com\/index.php?rest_route=%2Fwp%2Fv2%2Ftags&post=1991"}],"curies":[{"name":"wp","href":"https:\/\/api.w.org\/{rel}","templated":true}]}}