{"id":1994,"date":"2023-10-05T13:36:37","date_gmt":"2023-10-05T11:36:37","guid":{"rendered":"https:\/\/pasaenmendoza.com\/?p=1994"},"modified":"2023-10-05T13:36:38","modified_gmt":"2023-10-05T11:36:38","slug":"debate-sobre-educacion-de-candidatos-en-la-uncuyo-faltaron-los-representantes-libertarios","status":"publish","type":"post","link":"https:\/\/pasaenmendoza.com\/?p=1994","title":{"rendered":"Debate sobre Educaci\u00f3n de candidatos en la UNCUYO: Faltaron\u00a0los representantes Libertarios."},"content":{"rendered":"\n<p>Se realiz\u00f3 este mi\u00e9rcoles un encuentro-debate en la Facultad de Ciencias Econ\u00f3micas, con los candidatos a diputados nacionales. Dos ausencias que llamaron la atenci\u00f3n.<\/p>\n\n\n\n<p>Este mi\u00e9rcoles se realiz\u00f3 en la\u00a0<strong>Facultad de Educaci\u00f3n de la UNCUYO<\/strong>\u00a0una charla-debate entre representantes de las distintas listas que competir\u00e1n el 22 de octubre en las elecciones nacionales. Por ello, hubo\u00a0<strong>3 de 5 candidatos a diputados nacionales<\/strong>, con dos ausencias llamativas.<\/p>\n\n\n\n<p>Con la educaci\u00f3n como eje del debate, participaron los candidatos a diputados nacionales Mart\u00edn Aveiro (Uni\u00f3n por la Patria), Lisandro Nieri (Juntos por el Cambio) y Laura Espeche (Frente de Izquierda Unidad). Y\u00a0<strong>faltaron Mercedes Llano<\/strong>\u00a0(La Libertad Avanza) y\u00a0<strong>Adri\u00e1n Bonada<\/strong>\u00a0(Libres del Sur), quienes salieron\u00a0<strong>primera y \u00faltimo en las PASO<\/strong>.<\/p>\n\n\n\n<p>La lista de La Libertad Avanza fue la m\u00e1s votada en las PASO nacionales de agosto en Mendoza. Desde el entorno de la candidata\u00a0<strong>Llano<\/strong>\u00a0se\u00f1alaron que ten\u00eda\u00a0<strong>&#8220;problemas de agenda&#8221;<\/strong>, sin dar m\u00e1s especificaciones. Sus &#8220;rivales&#8221; esperaban que pudiese aclarar de qu\u00e9 se trata la propuesta de vouchers de\u00a0<strong>Javier Milei,<\/strong>\u00a0el m\u00e1ximo referente de su partido.<\/p>\n\n\n\n<p>En el caso de&nbsp;<strong>Bonada<\/strong>, no se dieron justificativos a\u00fan. \u00c9l y Libres del Sur son socios locales de Cambia Mendoza, pero a nivel nacional presentaron lista aparte. Quien compet\u00eda por la presidencia, Jes\u00fas Escobar, no super\u00f3 el filtro de las PASO, pero s\u00ed su lista de diputados nacionales por Mendoza, por lo que Bonada ir\u00e1 con&nbsp;<strong>lista corta<\/strong>&nbsp;el 22 de octubre.<\/p>\n\n\n\n<p>Al rev\u00e9s es el caso de la lista de Juan Schiaretti, quien s\u00ed competir\u00e1 en las elecciones presidenciales, pero no as\u00ed su candidato a diputado por Mendoza, Ra\u00fal Mercau, quien no lleg\u00f3 al 1,5% en las PASO. Por esta lista de &#8220;Hacemos por Nuestro Pa\u00eds&#8221; particip\u00f3 del debate una candidata al Parlasur, Mirta D\u00edaz.<\/p>\n\n\n\n<h3 class=\"wp-block-heading\">Qu\u00e9 dijeron<\/h3>\n\n\n\n<p>En primer lugar, el radical&nbsp;<strong>Lisandro Nieri<\/strong>&nbsp;destac\u00f3 que &#8220;de los 7 millones de trabajadores informales de nuestro pa\u00eds, el 52% no termin\u00f3 la secundaria. Nuestra propuesta es una renovaci\u00f3n profunda con ciencias, tecnolog\u00eda y con competencias laborales&#8221;.&nbsp;<\/p>\n\n\n\n<p>&#8220;Es fundamental vincular la educaci\u00f3n con los trabajos y que todos los chicos antes de terminar tengan una experiencia laboral. Queremos mejorar la tasa de graduaci\u00f3n, promover ofertas de carreras cortas orientadas a las necesidades regionales y detener la tendencia de creaci\u00f3n de universidades nacionales.<\/p>\n\n\n\n<p><strong>Mart\u00edn Aveiro<\/strong>, por su parte, consider\u00f3:&nbsp;&#8220;Hoy m\u00e1s que nunca nos debemos unir como pueblo y garantizar el acceso y las oportunidades que nos brinda, un modelo que sea igualitario y federal para todos. Con m\u00e1s y mejores instituciones, herramientas y con el reconocimiento debido que merecen nuestros Docentes&#8221;.<\/p>\n\n\n\n<p>Por su parte,\u00a0<strong>Laura Espeche<\/strong>\u00a0plante\u00f3: &#8220;Gobierne quien gobierne, hay algo en lo que no hay grieta y eso es el de financiamiento educativo. Escuchamos ac\u00e1 hablar con propuestas alrededor del aumento de la ley de financiamiento educativo, cuando sabemos que incumplen las propias leyes que sancionan. En el 2005 pretend\u00edan destinar el 6% del PBI de educaci\u00f3n, no lo lograron. Ahora plantean una nueva ley de educaci\u00f3n que solamente habla de su propio fracaso, el ministro candidato repite metas que se estipularon para el 2010 y que al d\u00eda de hoy no se concretaron. Entonces nos preguntamos si es m\u00e1s una propuesta demag\u00f3gica de campa\u00f1a porque la realidad mata ese relato. En una Argentina con 6 de cada 10 ni\u00f1os son pobres, cay\u00f3 la inversi\u00f3n por estudiantes y cay\u00f3 la inversi\u00f3n educativa, no se cumpli\u00f3 con el 6% del PBI y el caso de Mendoza no es distinto porque Mendoza tiene una ley provincial de educaci\u00f3n que dice que hay que destinar el 35% de las erogaciones provinciales, tampoco lo cumple, solamente este a\u00f1o destino la mitad, es decir, vamos a escuchar muchas propuestas de campa\u00f1a, pero lamentablemente despu\u00e9s vemos que eso en la realidad no se cumple&#8221;.<\/p>\n\n\n\n<p>FUENTE: memo.com.ar<\/p>\n","protected":false},"excerpt":{"rendered":"<p>Se realiz\u00f3 este mi\u00e9rcoles un encuentro-debate en la Facultad de Ciencias Econ\u00f3micas, con los candidatos a diputados nacionales. Dos ausencias que llamaron la atenci\u00f3n. Este mi\u00e9rcoles se realiz\u00f3 en la\u00a0Facultad de Educaci\u00f3n de la UNCUYO\u00a0una charla-debate entre representantes de las distintas listas que competir\u00e1n el 22 de octubre en las elecciones nacionales. Por ello, hubo\u00a03 [&hellip;]<\/p>\n","protected":false},"author":2,"featured_media":1995,"comment_status":"open","ping_status":"open","sticky":true,"template":"","format":"standard","meta":[],"categories":[47],"tags":[],"_links":{"self":[{"href":"https:\/\/pasaenmendoza.com\/index.php?rest_route=\/wp\/v2\/posts\/1994"}],"collection":[{"href":"https:\/\/pasaenmendoza.com\/index.php?rest_route=\/wp\/v2\/posts"}],"about":[{"href":"https:\/\/pasaenmendoza.com\/index.php?rest_route=\/wp\/v2\/types\/post"}],"author":[{"embeddable":true,"href":"https:\/\/pasaenmendoza.com\/index.php?rest_route=\/wp\/v2\/users\/2"}],"replies":[{"embeddable":true,"href":"https:\/\/pasaenmendoza.com\/index.php?rest_route=%2Fwp%2Fv2%2Fcomments&post=1994"}],"version-history":[{"count":1,"href":"https:\/\/pasaenmendoza.com\/index.php?rest_route=\/wp\/v2\/posts\/1994\/revisions"}],"predecessor-version":[{"id":1996,"href":"https:\/\/pasaenmendoza.com\/index.php?rest_route=\/wp\/v2\/posts\/1994\/revisions\/1996"}],"wp:featuredmedia":[{"embeddable":true,"href":"https:\/\/pasaenmendoza.com\/index.php?rest_route=\/wp\/v2\/media\/1995"}],"wp:attachment":[{"href":"https:\/\/pasaenmendoza.com\/index.php?rest_route=%2Fwp%2Fv2%2Fmedia&parent=1994"}],"wp:term":[{"taxonomy":"category","embeddable":true,"href":"https:\/\/pasaenmendoza.com\/index.php?rest_route=%2Fwp%2Fv2%2Fcategories&post=1994"},{"taxonomy":"post_tag","embeddable":true,"href":"https:\/\/pasaenmendoza.com\/index.php?rest_route=%2Fwp%2Fv2%2Ftags&post=1994"}],"curies":[{"name":"wp","href":"https:\/\/api.w.org\/{rel}","templated":true}]}}