{"id":2001,"date":"2023-10-05T14:54:44","date_gmt":"2023-10-05T12:54:44","guid":{"rendered":"https:\/\/pasaenmendoza.com\/?p=2001"},"modified":"2023-10-05T14:54:46","modified_gmt":"2023-10-05T12:54:46","slug":"jueves-calido-y-con-algunas-nubes","status":"publish","type":"post","link":"https:\/\/pasaenmendoza.com\/?p=2001","title":{"rendered":"Jueves c\u00e1lido y con algunas nubes"},"content":{"rendered":"\n<p>Este jueves, el pron\u00f3stico indica<strong>\u00a0ascenso de temperatura y cielo parcialmente nublado.<\/strong><\/p>\n\n\n\n<p>Seg\u00fan el\u00a0<strong>Servicio Meteorl\u00f3gico Nacional<\/strong>, este martes la temperatura m\u00e1xima llegar\u00e1 a los<strong>\u00a025\u00b0,<\/strong>\u00a0con viento del norte, y del sur hacia la noche.<\/p>\n\n\n\n<p>La humedad relativa del ambiente se mantiene cercana al\u00a0<strong>70%<\/strong>\u00a0pero no hay pron\u00f3stico de precipitaciones.\u00a0<\/p>\n\n\n\n<p>Para ma\u00f1ana viernes, se prev\u00e9 leve descenso de temperatura, con una m\u00e1xima de<strong>\u00a023\u00b0<\/strong>\u00a0y cielo algo nublado.\u00a0<\/p>\n\n\n\n<p>En tanto que el fin de semana la m\u00e1xima llegar\u00eda a\u00a0<strong>24\u00b0 el s\u00e1bado y 27\u00b0 el domingo,<\/strong>\u00a0con cielo despejado. Un fin de semana c\u00e1lido y soleado.\u00a0<\/p>\n\n\n\n<p><strong>Fuente: www.mendozapost.com<\/strong><\/p>\n","protected":false},"excerpt":{"rendered":"<p>Este jueves, el pron\u00f3stico indica\u00a0ascenso de temperatura y cielo parcialmente nublado. Seg\u00fan el\u00a0Servicio Meteorl\u00f3gico Nacional, este martes la temperatura m\u00e1xima llegar\u00e1 a los\u00a025\u00b0,\u00a0con viento del norte, y del sur hacia la noche. La humedad relativa del ambiente se mantiene cercana al\u00a070%\u00a0pero no hay pron\u00f3stico de precipitaciones.\u00a0 Para ma\u00f1ana viernes, se prev\u00e9 leve descenso de temperatura, [&hellip;]<\/p>\n","protected":false},"author":2,"featured_media":2002,"comment_status":"open","ping_status":"open","sticky":false,"template":"","format":"standard","meta":[],"categories":[52],"tags":[],"_links":{"self":[{"href":"https:\/\/pasaenmendoza.com\/index.php?rest_route=\/wp\/v2\/posts\/2001"}],"collection":[{"href":"https:\/\/pasaenmendoza.com\/index.php?rest_route=\/wp\/v2\/posts"}],"about":[{"href":"https:\/\/pasaenmendoza.com\/index.php?rest_route=\/wp\/v2\/types\/post"}],"author":[{"embeddable":true,"href":"https:\/\/pasaenmendoza.com\/index.php?rest_route=\/wp\/v2\/users\/2"}],"replies":[{"embeddable":true,"href":"https:\/\/pasaenmendoza.com\/index.php?rest_route=%2Fwp%2Fv2%2Fcomments&post=2001"}],"version-history":[{"count":1,"href":"https:\/\/pasaenmendoza.com\/index.php?rest_route=\/wp\/v2\/posts\/2001\/revisions"}],"predecessor-version":[{"id":2003,"href":"https:\/\/pasaenmendoza.com\/index.php?rest_route=\/wp\/v2\/posts\/2001\/revisions\/2003"}],"wp:featuredmedia":[{"embeddable":true,"href":"https:\/\/pasaenmendoza.com\/index.php?rest_route=\/wp\/v2\/media\/2002"}],"wp:attachment":[{"href":"https:\/\/pasaenmendoza.com\/index.php?rest_route=%2Fwp%2Fv2%2Fmedia&parent=2001"}],"wp:term":[{"taxonomy":"category","embeddable":true,"href":"https:\/\/pasaenmendoza.com\/index.php?rest_route=%2Fwp%2Fv2%2Fcategories&post=2001"},{"taxonomy":"post_tag","embeddable":true,"href":"https:\/\/pasaenmendoza.com\/index.php?rest_route=%2Fwp%2Fv2%2Ftags&post=2001"}],"curies":[{"name":"wp","href":"https:\/\/api.w.org\/{rel}","templated":true}]}}