{"id":2004,"date":"2023-10-05T14:58:59","date_gmt":"2023-10-05T12:58:59","guid":{"rendered":"https:\/\/pasaenmendoza.com\/?p=2004"},"modified":"2023-10-05T14:59:01","modified_gmt":"2023-10-05T12:59:01","slug":"preocupacion-en-un-sector-comercial-de-godoy-cruz-por-una-ola-de-asaltos-y-robos","status":"publish","type":"post","link":"https:\/\/pasaenmendoza.com\/?p=2004","title":{"rendered":"Preocupaci\u00f3n en un sector comercial de Godoy Cruz por una ola de asaltos y robos"},"content":{"rendered":"\n<p>En los \u00faltimos d\u00edas, creci\u00f3 la preocupaci\u00f3n de los vecinos de un sector del distrito<strong>\u00a0Villa Hip\u00f3dromo<\/strong>, en\u00a0<strong>Godoy Cruz<\/strong>, ya que algunos residentes y propietarios de locales comerciales de la zona vienen siendo blancos de hechos de inseguridad.<\/p>\n\n\n\n<p>En el transcurso de siete d\u00edas, delincuentes armados han asaltado dos comercios y otros fueron saqueados mientras sus responsables no se encontraban. Uno de esos locales fue \u201cvisitado\u201d dos noches seguidas por malvivientes que aprovechaban la escasez de transe\u00fantes por la zona para llevarse todo lo que ten\u00edan a su alcance. \u00a0<\/p>\n\n\n\n<p>Durante fines de septiembre e inicios de octubre,<mark>\u00a0grupos de malvivientes han apuntado sobre los negocios de<strong>\u00a0Paso de Los Andes<\/strong>, entre las calles\u00a0<strong>Colombia<\/strong>,\u00a0<strong>Paraguay\u00a0<\/strong>y<strong>\u00a0Pedro J. Godoy.\u00a0<\/strong><\/mark><\/p>\n\n\n\n<p>La informaci\u00f3n a la que accedi\u00f3<em>&nbsp;<strong>El Sol<\/strong><\/em>, sostiene que el primer comercio asaltado fue la&nbsp;<strong>diet\u00e9tica Oriente<\/strong>. El hecho ocurri\u00f3 el mi\u00e9rcoles 27 de septiembre, alrededor de las 19.30, cuando una de las empleadas<mark>&nbsp;fue sorprendida por dos sujetos que arribaron en moto.<\/mark><\/p>\n\n\n\n<p><mark>Uno de ellos, sin sacarse el casco, ingres\u00f3, se llev\u00f3 mercader\u00eda y el celular de la v\u00edctima mientras no dejaba de apuntar con el arma que portaba.\u00a0<\/mark>El objetivo era generar temor. Todo el bot\u00edn lo meti\u00f3 en una bolsa de supermercado y escap\u00f3 junto a su c\u00f3mplice.\u00a0<\/p>\n\n\n\n<p>Dos d\u00edas despu\u00e9s, la<mark>\u00a0<strong>farmacia La Salud<\/strong>, ubicada en la misma cuadra de la diet\u00e9tica, fue robada en la madrugada. Seg\u00fan vecinos de la zona, los autores del delito fueron dos adolescentes. Los mismos llegaron en moto, rompieron una de las vidrieras<\/mark>\u00a0y se llevaron mercader\u00eda. Contabilizaron productos de limpieza, de higiene y esmaltes de u\u00f1as.\u00a0\u00a0<\/p>\n\n\n\n<p>La alarma se activ\u00f3 y su due\u00f1a acudi\u00f3 hasta el local para verificar lo sucedido. Al corroborar que hab\u00eda sufrido un robo, radic\u00f3 la correspondiente denuncia.<\/p>\n\n\n\n<p><mark>Durante la madrugada del d\u00eda siguiente, fue hurtada nuevamente y de la misma manera. Destrozaron otro de los vidrios<\/mark>, sustrajeron m\u00e1s productos, pero esta vez tambi\u00e9n se alzaron con de la caja registradora, dinero que utilizaban para dar vuelto.<\/p>\n\n\n\n<p>La due\u00f1a, sin poder creerlo, volvi\u00f3 a dirigirse a su comercio y el mismo polic\u00eda que la asisti\u00f3 24 horas antes se hizo presente en el lugar y explic\u00f3 que mientras realizaba maniobras operativas, pas\u00f3 por la cuadra y constat\u00f3 que todo se encontraba en orden. Diez minutos despu\u00e9s, los maleantes atacaron.&nbsp;<\/p>\n\n\n\n<p>La farmacia fue ha sido objetivo de malvivientes reiteradas veces desde que abri\u00f3 hace muchos a\u00f1os, pero jam\u00e1s dos d\u00edas seguidos.&nbsp;<\/p>\n\n\n\n<p><strong>Cristina<\/strong>, una de las empleadas, cont\u00f3 a este diario que\u00a0<em>\u201cfaltan\u201d\u00a0<\/em>m\u00f3viles y por esa raz\u00f3n los efectivos no pueden hacer trabajos operativos en la zona.\u00a0<em>\u201cDespu\u00e9s de las 18 esto es tierra de nadie\u201d<\/em>, asegur\u00f3.<\/p>\n\n\n\n<p>En la misma semana<mark>, una<strong>&nbsp;tienda de bebidas<\/strong>&nbsp;alcoh\u00f3licas,&nbsp;<strong>Fullescabio<\/strong>, ubicada una la esquina de la misma cuadra, tambi\u00e9n sufri\u00f3 un hecho de inseguridad. Unos sujetos violentaron el blindex y escaparon con 15 botellas de vino.&nbsp;<\/mark><\/p>\n\n\n\n<p><strong>Cristian<\/strong>, quien trabaja all\u00ed desde hace dos a\u00f1os, confes\u00f3 que fue la primera vez que le toc\u00f3 vivir algo as\u00ed.<\/p>\n\n\n\n<p><mark>Este lunes a las 20, un negocio de ropa fue asaltado por dos malvivientes. Usaron el mismo modus operandi que los primeros: llegaron en moto y, sin sacarse sus cascos, entraron al comercio, empujaron a su due\u00f1a y amenazaron con un arma a dos clientas que miraban prendas.\u00a0<\/mark>Escaparon con 15.000 pesos de la caja, cuatro jeans, dos PosNet y un celular.\u00a0<\/p>\n\n\n\n<p><em>\u201cTrat\u00e9 de salir para cerrar la puerta y me revolearon, todo pas\u00f3 en menos de 10 minutos\u201d,<\/em>\u00a0detall\u00f3\u00a0<strong>Marisa<\/strong>, due\u00f1a del comercio<strong>\u00a0Alma Buena<\/strong>. Como nueva medida de seguridad, agreg\u00f3 que se encuentra a la espera de recibir un bot\u00f3n antip\u00e1tico, con el objetivo de tener presencia policial m\u00e1s r\u00e1pido en caso de ser necesario.<\/p>\n\n\n\n<p>Vecinos de la zona le contaron que, este martes al mediod\u00eda, unos motochorros atacaron a una chica agarr\u00e1ndola de su pelo para sacarle su tel\u00e9fono en Paso de los Andes y Colombia.&nbsp;<\/p>\n\n\n\n<p><strong>Sergio<\/strong>, otro habitante de la zona, indic\u00f3 que, hace dos semanas,\u00a0<mark>estacion\u00f3 su auto en horas de la tarde, enfrente de su casa de calle<strong>\u00a0Paraguay y M\u00e9xico<\/strong>, a tan solo 400 metros de la calzada principal. Una hora m\u00e1s tarde, un residente cercano a su vivienda, le avis\u00f3 que su veh\u00edculo estaba sin dos de sus ruedas.<\/mark><em>\u00a0\u201cTiene tres meses el auto\u201d<\/em>, se\u00f1al\u00f3.\u00a0<\/p>\n\n\n\n<p>La semana anterior a ese hecho de inseguridad,&nbsp;<mark>su hijo&nbsp;<strong>Dami\u00e1n<\/strong>&nbsp;sali\u00f3 a tirar la basura y a punta de pistola un sujeto le sustrajo su celular.&nbsp;<\/mark><\/p>\n\n\n\n<p><strong>Brenda<\/strong>, otra vecina de la localidad, dijo que siempre fue una zona tranquila y que nunca pas\u00f3 nada grave hasta este \u00faltimo tiempo.<em>\u00a0\u201cMe sorprende que roben en horarios donde hay mucho movimiento\u201d<\/em>, confes\u00f3.\u00a0<\/p>\n\n\n\n<p>Todos los vecinos coinciden en que&nbsp;<em>\u201chan tomado el lugar de punto\u201d<\/em>&nbsp;y cuestionaron la falta de control policial.<em>&nbsp;\u201cNo nos sentimos seguros\u201d<\/em>, expresaron.<\/p>\n\n\n\n<p>Finalmente, la mayor\u00eda de los responsables de los locales comerciales tomaron la decisi\u00f3n de comenzar a atender tras una reja despu\u00e9s de las 18, horario en el que se sienten m\u00e1s inseguros. Otros negocios solo dejar\u00e1n entrar a quienes<em>\u00a0\u201cles inspiren confianza\u201d<\/em>\u00a0o sean conocidos.<\/p>\n\n\n\n<p><strong>Fuente: www.elsol.com.ar<\/strong><\/p>\n","protected":false},"excerpt":{"rendered":"<p>En los \u00faltimos d\u00edas, creci\u00f3 la preocupaci\u00f3n de los vecinos de un sector del distrito\u00a0Villa Hip\u00f3dromo, en\u00a0Godoy Cruz, ya que algunos residentes y propietarios de locales comerciales de la zona vienen siendo blancos de hechos de inseguridad. En el transcurso de siete d\u00edas, delincuentes armados han asaltado dos comercios y otros fueron saqueados mientras sus [&hellip;]<\/p>\n","protected":false},"author":2,"featured_media":2005,"comment_status":"open","ping_status":"open","sticky":false,"template":"","format":"standard","meta":[],"categories":[48],"tags":[],"_links":{"self":[{"href":"https:\/\/pasaenmendoza.com\/index.php?rest_route=\/wp\/v2\/posts\/2004"}],"collection":[{"href":"https:\/\/pasaenmendoza.com\/index.php?rest_route=\/wp\/v2\/posts"}],"about":[{"href":"https:\/\/pasaenmendoza.com\/index.php?rest_route=\/wp\/v2\/types\/post"}],"author":[{"embeddable":true,"href":"https:\/\/pasaenmendoza.com\/index.php?rest_route=\/wp\/v2\/users\/2"}],"replies":[{"embeddable":true,"href":"https:\/\/pasaenmendoza.com\/index.php?rest_route=%2Fwp%2Fv2%2Fcomments&post=2004"}],"version-history":[{"count":1,"href":"https:\/\/pasaenmendoza.com\/index.php?rest_route=\/wp\/v2\/posts\/2004\/revisions"}],"predecessor-version":[{"id":2006,"href":"https:\/\/pasaenmendoza.com\/index.php?rest_route=\/wp\/v2\/posts\/2004\/revisions\/2006"}],"wp:featuredmedia":[{"embeddable":true,"href":"https:\/\/pasaenmendoza.com\/index.php?rest_route=\/wp\/v2\/media\/2005"}],"wp:attachment":[{"href":"https:\/\/pasaenmendoza.com\/index.php?rest_route=%2Fwp%2Fv2%2Fmedia&parent=2004"}],"wp:term":[{"taxonomy":"category","embeddable":true,"href":"https:\/\/pasaenmendoza.com\/index.php?rest_route=%2Fwp%2Fv2%2Fcategories&post=2004"},{"taxonomy":"post_tag","embeddable":true,"href":"https:\/\/pasaenmendoza.com\/index.php?rest_route=%2Fwp%2Fv2%2Ftags&post=2004"}],"curies":[{"name":"wp","href":"https:\/\/api.w.org\/{rel}","templated":true}]}}