{"id":2007,"date":"2023-10-05T15:03:00","date_gmt":"2023-10-05T13:03:00","guid":{"rendered":"https:\/\/pasaenmendoza.com\/?p=2007"},"modified":"2023-10-05T15:03:02","modified_gmt":"2023-10-05T13:03:02","slug":"asi-esta-la-salud-del-chico-que-se-electrocuto-en-un-parque-de-las-heras","status":"publish","type":"post","link":"https:\/\/pasaenmendoza.com\/?p=2007","title":{"rendered":"As\u00ed est\u00e1 la salud del chico que se electrocut\u00f3 en un parque de Las Heras"},"content":{"rendered":"\n<p>\u00a0El lunes 18 de septiembre un adolescente de 16 a\u00f1os caminaba con un amigo por el\u00a0<strong>Parque de la Ni\u00f1ez de Las Heras\u00a0<\/strong>cuando sufri\u00f3 una descarga el\u00e9ctrica que lo puso al borde de la muerte. La familia afirma que el municipio no se comunic\u00f3 con ellos.<\/p>\n\n\n\n<p>En el lugar se hab\u00eda efectuado un recital organizado por una organizaci\u00f3n que trabaja en la recuperaci\u00f3n de personas con adicciones. No est\u00e1 claro si la instalaci\u00f3n el\u00e9ctrica del evento tuvo que ver en el accidente, lo cierto es que, tal como relat\u00f3 al\u00a0<strong>Post<\/strong>\u00a0el amigo de la v\u00edctima, el chico &#8220;piso la tierra y se prendi\u00f3 fuego&#8221;.<\/p>\n\n\n\n<p>M\u00e1s de quince d\u00edas despu\u00e9s del hecho, el menor contin\u00faa internado en el hospital Lagomaggiore recuper\u00e1ndose. &#8220;La evoluci\u00f3n ha sido buena. \u00c9l ha estado muy triste, con tratamiento por parte de salud mental. Ya fue sometido a una segunda operaci\u00f3n, por suerte va mejorando&#8221;, dijo su mam\u00e1, Claudia, al Post.<\/p>\n\n\n\n<p>Respecto al pron\u00f3stico de su hijo en cu\u00e1nto a una recuperaci\u00f3n total, la mujer afirm\u00f3 que es incierta ya que los m\u00e9dicos le han dicho que es un proceso lento. El jove sufri\u00f3 la mayor parte de las lesiones en la espalda y parte del pecho.<\/p>\n\n\n\n<p>Al momento del accidente circul\u00f3 la versi\u00f3n de que los chicos hab\u00edan estado intentando robar cables, a partir de un testimonio de un preventor que, seg\u00fan los testigos, no presenci\u00f3 el hecho. La familia insiste en negar esta versi\u00f3n.<\/p>\n\n\n\n<p>Por otro lado, el adolescente que socorri\u00f3 a la v\u00edctima dijo que iban caminando por un vered\u00edn y cuando toc\u00f3 la tierra &#8220;se prendi\u00f3 fuego&#8221;.<\/p>\n\n\n\n<p>Respecto a la municipalidad, al d\u00eda siguiente publicaron un escueto comunicado que dec\u00eda &#8220;En el mencionado espacio verde no existen obras de electricidad en ejecuci\u00f3n superficiales ni mont\u00edculos de tierra, que revistieran peligro alguno para las personas que transitan por el lugar, como hace referencia la prensa&#8221;.<\/p>\n\n\n\n<p><strong>Fuente: www.mendozapost.com<\/strong><\/p>\n","protected":false},"excerpt":{"rendered":"<p>\u00a0El lunes 18 de septiembre un adolescente de 16 a\u00f1os caminaba con un amigo por el\u00a0Parque de la Ni\u00f1ez de Las Heras\u00a0cuando sufri\u00f3 una descarga el\u00e9ctrica que lo puso al borde de la muerte. La familia afirma que el municipio no se comunic\u00f3 con ellos. En el lugar se hab\u00eda efectuado un recital organizado por [&hellip;]<\/p>\n","protected":false},"author":2,"featured_media":2008,"comment_status":"open","ping_status":"open","sticky":false,"template":"","format":"standard","meta":[],"categories":[48],"tags":[],"_links":{"self":[{"href":"https:\/\/pasaenmendoza.com\/index.php?rest_route=\/wp\/v2\/posts\/2007"}],"collection":[{"href":"https:\/\/pasaenmendoza.com\/index.php?rest_route=\/wp\/v2\/posts"}],"about":[{"href":"https:\/\/pasaenmendoza.com\/index.php?rest_route=\/wp\/v2\/types\/post"}],"author":[{"embeddable":true,"href":"https:\/\/pasaenmendoza.com\/index.php?rest_route=\/wp\/v2\/users\/2"}],"replies":[{"embeddable":true,"href":"https:\/\/pasaenmendoza.com\/index.php?rest_route=%2Fwp%2Fv2%2Fcomments&post=2007"}],"version-history":[{"count":1,"href":"https:\/\/pasaenmendoza.com\/index.php?rest_route=\/wp\/v2\/posts\/2007\/revisions"}],"predecessor-version":[{"id":2009,"href":"https:\/\/pasaenmendoza.com\/index.php?rest_route=\/wp\/v2\/posts\/2007\/revisions\/2009"}],"wp:featuredmedia":[{"embeddable":true,"href":"https:\/\/pasaenmendoza.com\/index.php?rest_route=\/wp\/v2\/media\/2008"}],"wp:attachment":[{"href":"https:\/\/pasaenmendoza.com\/index.php?rest_route=%2Fwp%2Fv2%2Fmedia&parent=2007"}],"wp:term":[{"taxonomy":"category","embeddable":true,"href":"https:\/\/pasaenmendoza.com\/index.php?rest_route=%2Fwp%2Fv2%2Fcategories&post=2007"},{"taxonomy":"post_tag","embeddable":true,"href":"https:\/\/pasaenmendoza.com\/index.php?rest_route=%2Fwp%2Fv2%2Ftags&post=2007"}],"curies":[{"name":"wp","href":"https:\/\/api.w.org\/{rel}","templated":true}]}}