{"id":2010,"date":"2023-10-05T15:06:59","date_gmt":"2023-10-05T13:06:59","guid":{"rendered":"https:\/\/pasaenmendoza.com\/?p=2010"},"modified":"2023-10-05T15:07:00","modified_gmt":"2023-10-05T13:07:00","slug":"intento-escapar-de-un-control-en-godoy-cruz-y-lo-atraparon-con-un-arma","status":"publish","type":"post","link":"https:\/\/pasaenmendoza.com\/?p=2010","title":{"rendered":"Intent\u00f3 escapar de un control en Godoy Cruz y lo atraparon con un arma"},"content":{"rendered":"\n<p>Un hombre de 36 a\u00f1os fue detenido la tarde de este martes con un arma de fuego en\u00a0<strong>Godoy Cruz<\/strong>. El sospechoso circulaba en una moto y al notar la presencia del personal policial se dio a la fuga. Minutos m\u00e1s tarde, fue localizado y qued\u00f3 a disposici\u00f3n de la Justicia.\u00a0<\/p>\n\n\n\n<p>El procedimiento fue a las 20, cuando efectivos realizaban un control vehicular en el departamento godoicruce\u00f1o.<mark>\u00a0All\u00ed observaron a un hombre a bordo de una\u00a0<strong>Appia\u00a0<\/strong>150cc, el cual observ\u00f3 la presencia de los efectivos, dio una vuelta en \u201cu\u201d y se escap\u00f3.<\/mark><\/p>\n\n\n\n<p>Inmediatamente, los uniformados salieron a la b\u00fasqueda del sospechoso y\u00a0<mark>lograron frenarle el paso a su rodado en la intersecci\u00f3n de calles\u00a0<strong>Am\u00e9rica y Marcos Sastre.\u00a0<\/strong><\/mark><\/p>\n\n\n\n<p>Acto seguido, practicaron la correspondiente requisa y de sus pertenencias secuestraron un rev\u00f3lver calibre 32 largo, con seis cartuchos en su interior, se\u00f1alaron las fuentes del caso.<\/p>\n\n\n\n<p>Por ese motivo, lo aprehendieron y trasladaron a una dependencia de la zona.<\/p>\n\n\n\n<p><strong>Fuente: www.elsol.com.ar<\/strong><\/p>\n","protected":false},"excerpt":{"rendered":"<p>Un hombre de 36 a\u00f1os fue detenido la tarde de este martes con un arma de fuego en\u00a0Godoy Cruz. El sospechoso circulaba en una moto y al notar la presencia del personal policial se dio a la fuga. Minutos m\u00e1s tarde, fue localizado y qued\u00f3 a disposici\u00f3n de la Justicia.\u00a0 El procedimiento fue a las [&hellip;]<\/p>\n","protected":false},"author":2,"featured_media":2011,"comment_status":"open","ping_status":"open","sticky":false,"template":"","format":"standard","meta":[],"categories":[48],"tags":[],"_links":{"self":[{"href":"https:\/\/pasaenmendoza.com\/index.php?rest_route=\/wp\/v2\/posts\/2010"}],"collection":[{"href":"https:\/\/pasaenmendoza.com\/index.php?rest_route=\/wp\/v2\/posts"}],"about":[{"href":"https:\/\/pasaenmendoza.com\/index.php?rest_route=\/wp\/v2\/types\/post"}],"author":[{"embeddable":true,"href":"https:\/\/pasaenmendoza.com\/index.php?rest_route=\/wp\/v2\/users\/2"}],"replies":[{"embeddable":true,"href":"https:\/\/pasaenmendoza.com\/index.php?rest_route=%2Fwp%2Fv2%2Fcomments&post=2010"}],"version-history":[{"count":1,"href":"https:\/\/pasaenmendoza.com\/index.php?rest_route=\/wp\/v2\/posts\/2010\/revisions"}],"predecessor-version":[{"id":2012,"href":"https:\/\/pasaenmendoza.com\/index.php?rest_route=\/wp\/v2\/posts\/2010\/revisions\/2012"}],"wp:featuredmedia":[{"embeddable":true,"href":"https:\/\/pasaenmendoza.com\/index.php?rest_route=\/wp\/v2\/media\/2011"}],"wp:attachment":[{"href":"https:\/\/pasaenmendoza.com\/index.php?rest_route=%2Fwp%2Fv2%2Fmedia&parent=2010"}],"wp:term":[{"taxonomy":"category","embeddable":true,"href":"https:\/\/pasaenmendoza.com\/index.php?rest_route=%2Fwp%2Fv2%2Fcategories&post=2010"},{"taxonomy":"post_tag","embeddable":true,"href":"https:\/\/pasaenmendoza.com\/index.php?rest_route=%2Fwp%2Fv2%2Ftags&post=2010"}],"curies":[{"name":"wp","href":"https:\/\/api.w.org\/{rel}","templated":true}]}}