{"id":2016,"date":"2023-10-05T15:43:35","date_gmt":"2023-10-05T13:43:35","guid":{"rendered":"https:\/\/pasaenmendoza.com\/?p=2016"},"modified":"2023-10-05T15:43:35","modified_gmt":"2023-10-05T13:43:35","slug":"un-mendocino-tuvo-su-7o-hijo-varon-y-se-entero-que-alberto-fernandez-sera-su-padrino","status":"publish","type":"post","link":"https:\/\/pasaenmendoza.com\/?p=2016","title":{"rendered":"Un mendocino tuvo su 7\u00ba hijo var\u00f3n y se enter\u00f3 que Alberto Fern\u00e1ndez ser\u00e1 su padrino"},"content":{"rendered":"\n<p>Fabricio y Romina fueron pap\u00e1s de su\u00a0<strong>s\u00e9ptimo hijo var\u00f3n<\/strong>, al cual llamaron Emir Luna. Naci\u00f3 en la noche del lunes en el\u00a0<strong>hospital Lagomaggiore<\/strong>, y como manda la tradici\u00f3n,\u00a0<strong>su padrino ser\u00e1 el presidente Alberto Fern\u00e1ndez.<\/strong>\u00a0Sus padres se enteraron de la novedad por la televisi\u00f3n y se quedaron sorprendidos ya que tendr\u00e1 beneficios y ayuda para que el ni\u00f1o pueda estudiar incluso en la universidad.<\/p>\n\n\n\n<p>Fabricio expres\u00f3 que est\u00e1 contento de tener un s\u00e9ptimo hijo y especialmente que sea var\u00f3n.&nbsp;<strong>&#8220;Creo que es mas f\u00e1cil criar un var\u00f3n que una mujer<\/strong>&#8220;, dijo t\u00edmidamente en una entrevista en El Siete.<\/p>\n\n\n\n<p>El\u00a0<strong>mayor de sus hijos tiene 16 a\u00f1os y el m\u00e1s peque\u00f1o 2 a\u00f1os<\/strong>, y ahora se sum\u00f3 Emir, quien naci\u00f3 por ces\u00e1rea en la noche del lunes en el Lagomaggiore. Asegur\u00f3 que Romina, mam\u00e1 de los chicos,\u00a0<strong>se recupera bien de la cirug\u00eda.<\/strong><\/p>\n\n\n\n<p>Inmediatamente le dijeron que este padrino especial traer\u00e1 a Emir muchos beneficios, ya que le entregar\u00e1n una medalla de oro,&nbsp;<strong>se le pagar\u00e1 un aporte econ\u00f3mico anual y ser\u00e1 becado en sus estudios primarios, secundarios y universitarios.<\/strong><\/p>\n\n\n\n<p>Todo esto se realiza con el tr\u00e1mite en el Registro Civil y en el momento del bautismo\u00a0<strong>el Presidente o alg\u00fan representante estar\u00e1 presente\u00a0<\/strong>para cumplir con su rol de padrino.<\/p>\n\n\n\n<p><strong>Fuente: www.diariouno.com.ar<\/strong><\/p>\n","protected":false},"excerpt":{"rendered":"<p>Fabricio y Romina fueron pap\u00e1s de su\u00a0s\u00e9ptimo hijo var\u00f3n, al cual llamaron Emir Luna. Naci\u00f3 en la noche del lunes en el\u00a0hospital Lagomaggiore, y como manda la tradici\u00f3n,\u00a0su padrino ser\u00e1 el presidente Alberto Fern\u00e1ndez.\u00a0Sus padres se enteraron de la novedad por la televisi\u00f3n y se quedaron sorprendidos ya que tendr\u00e1 beneficios y ayuda para que [&hellip;]<\/p>\n","protected":false},"author":2,"featured_media":2017,"comment_status":"open","ping_status":"open","sticky":false,"template":"","format":"standard","meta":[],"categories":[50],"tags":[],"_links":{"self":[{"href":"https:\/\/pasaenmendoza.com\/index.php?rest_route=\/wp\/v2\/posts\/2016"}],"collection":[{"href":"https:\/\/pasaenmendoza.com\/index.php?rest_route=\/wp\/v2\/posts"}],"about":[{"href":"https:\/\/pasaenmendoza.com\/index.php?rest_route=\/wp\/v2\/types\/post"}],"author":[{"embeddable":true,"href":"https:\/\/pasaenmendoza.com\/index.php?rest_route=\/wp\/v2\/users\/2"}],"replies":[{"embeddable":true,"href":"https:\/\/pasaenmendoza.com\/index.php?rest_route=%2Fwp%2Fv2%2Fcomments&post=2016"}],"version-history":[{"count":1,"href":"https:\/\/pasaenmendoza.com\/index.php?rest_route=\/wp\/v2\/posts\/2016\/revisions"}],"predecessor-version":[{"id":2018,"href":"https:\/\/pasaenmendoza.com\/index.php?rest_route=\/wp\/v2\/posts\/2016\/revisions\/2018"}],"wp:featuredmedia":[{"embeddable":true,"href":"https:\/\/pasaenmendoza.com\/index.php?rest_route=\/wp\/v2\/media\/2017"}],"wp:attachment":[{"href":"https:\/\/pasaenmendoza.com\/index.php?rest_route=%2Fwp%2Fv2%2Fmedia&parent=2016"}],"wp:term":[{"taxonomy":"category","embeddable":true,"href":"https:\/\/pasaenmendoza.com\/index.php?rest_route=%2Fwp%2Fv2%2Fcategories&post=2016"},{"taxonomy":"post_tag","embeddable":true,"href":"https:\/\/pasaenmendoza.com\/index.php?rest_route=%2Fwp%2Fv2%2Ftags&post=2016"}],"curies":[{"name":"wp","href":"https:\/\/api.w.org\/{rel}","templated":true}]}}