{"id":2019,"date":"2023-10-05T15:50:42","date_gmt":"2023-10-05T13:50:42","guid":{"rendered":"https:\/\/pasaenmendoza.com\/?p=2019"},"modified":"2023-10-05T15:50:43","modified_gmt":"2023-10-05T13:50:43","slug":"mundial-2030-el-proyecto-para-mendoza-que-quedo-trunco-tras-el-anuncio-de-fifa","status":"publish","type":"post","link":"https:\/\/pasaenmendoza.com\/?p=2019","title":{"rendered":"Mundial 2030: el proyecto para Mendoza que qued\u00f3 &#8220;trunco&#8221; tras el anuncio de FIFA"},"content":{"rendered":"\n<p>Sin lugar a dudas que el bombazo que lanz\u00f3\u00a0<strong>Conmebol,\u00a0<\/strong>y que luego ratific\u00f3 la FIFA, dej\u00f3 a m\u00e1s de uno boquiabierto.\u00a0El Mundial 2030, por el que\u00a0<strong>Argentina\u00a0<\/strong>peleaba para ser sede junto a Uruguay, Paraguay y Chile tuvo un dr\u00e1stico cambio ya que solamente se jugar\u00e1n los partidos inaugurales y el resto del certamen pasar\u00e1 a disputarse en Espa\u00f1a, Portugal y Marruecos. Las remodelaciones que se preve\u00edan para agradar a la\u00a0<strong>FIFA<\/strong>, quedaron sin sentido.<\/p>\n\n\n\n<p>El Gobierno de Mendoza planeaba, a trav\u00e9s de la Subsecretar\u00eda de Deportes y el Ministerio de Infraestructura, un plan de obras para que el\u00a0<strong>estadio Malvinas Argentinas<\/strong>\u00a0y la provincia completa sean un escenario seductor como posible sede de la cita mundialista. De hecho, hubo reuniones con profesionales de la arquitectura que hab\u00edan dise\u00f1ado los estadios de otros pa\u00edses sudamericanos que buscaban organizar el Mundial junto a Argentina. En Deportes, pusieron manos a la obra y lo tildaban de un &#8220;sue\u00f1o mundialista&#8221; que lamentablemente no se cumplir\u00e1.<\/p>\n\n\n\n<p>&#8220;Estamos sorprendidos con la noticia. Con todo esto, el proyecto de remodelaci\u00f3n qued\u00f3 truncado porque si se juega un solo partido en Argentina va a River, al igual que el proyecto de remodelaci\u00f3n que todas las provincias ten\u00edan que presentarle a FIFA&#8221;, informaron a\u00a0<strong>MDZ\u00a0<\/strong>desde la Subsecretar\u00eda de Deportes. Y sumaron que se ver\u00e1 qu\u00e9 pasa con las remodelaciones ya que el estadio Malvinas Argentinas tendr\u00e1 que remodelarse en alg\u00fan momento, pero ya sin la meta 2030 en el horizonte.<\/p>\n\n\n\n<p><strong>Fuente: www.mdzol.com<\/strong><\/p>\n","protected":false},"excerpt":{"rendered":"<p>Sin lugar a dudas que el bombazo que lanz\u00f3\u00a0Conmebol,\u00a0y que luego ratific\u00f3 la FIFA, dej\u00f3 a m\u00e1s de uno boquiabierto.\u00a0El Mundial 2030, por el que\u00a0Argentina\u00a0peleaba para ser sede junto a Uruguay, Paraguay y Chile tuvo un dr\u00e1stico cambio ya que solamente se jugar\u00e1n los partidos inaugurales y el resto del certamen pasar\u00e1 a disputarse en [&hellip;]<\/p>\n","protected":false},"author":2,"featured_media":2020,"comment_status":"open","ping_status":"open","sticky":false,"template":"","format":"standard","meta":[],"categories":[50],"tags":[],"_links":{"self":[{"href":"https:\/\/pasaenmendoza.com\/index.php?rest_route=\/wp\/v2\/posts\/2019"}],"collection":[{"href":"https:\/\/pasaenmendoza.com\/index.php?rest_route=\/wp\/v2\/posts"}],"about":[{"href":"https:\/\/pasaenmendoza.com\/index.php?rest_route=\/wp\/v2\/types\/post"}],"author":[{"embeddable":true,"href":"https:\/\/pasaenmendoza.com\/index.php?rest_route=\/wp\/v2\/users\/2"}],"replies":[{"embeddable":true,"href":"https:\/\/pasaenmendoza.com\/index.php?rest_route=%2Fwp%2Fv2%2Fcomments&post=2019"}],"version-history":[{"count":1,"href":"https:\/\/pasaenmendoza.com\/index.php?rest_route=\/wp\/v2\/posts\/2019\/revisions"}],"predecessor-version":[{"id":2021,"href":"https:\/\/pasaenmendoza.com\/index.php?rest_route=\/wp\/v2\/posts\/2019\/revisions\/2021"}],"wp:featuredmedia":[{"embeddable":true,"href":"https:\/\/pasaenmendoza.com\/index.php?rest_route=\/wp\/v2\/media\/2020"}],"wp:attachment":[{"href":"https:\/\/pasaenmendoza.com\/index.php?rest_route=%2Fwp%2Fv2%2Fmedia&parent=2019"}],"wp:term":[{"taxonomy":"category","embeddable":true,"href":"https:\/\/pasaenmendoza.com\/index.php?rest_route=%2Fwp%2Fv2%2Fcategories&post=2019"},{"taxonomy":"post_tag","embeddable":true,"href":"https:\/\/pasaenmendoza.com\/index.php?rest_route=%2Fwp%2Fv2%2Ftags&post=2019"}],"curies":[{"name":"wp","href":"https:\/\/api.w.org\/{rel}","templated":true}]}}