{"id":2029,"date":"2023-10-06T14:40:14","date_gmt":"2023-10-06T12:40:14","guid":{"rendered":"https:\/\/pasaenmendoza.com\/?p=2029"},"modified":"2023-10-06T14:40:15","modified_gmt":"2023-10-06T12:40:15","slug":"anses-y-un-drastico-cambio-en-el-certificado-de-discapacidad","status":"publish","type":"post","link":"https:\/\/pasaenmendoza.com\/?p=2029","title":{"rendered":"ANSES y un DR\u00c1STICO cambio en el certificado de DISCAPACIDAD"},"content":{"rendered":"\n<p>El\u00a0<strong>Certificado \u00danico de Discapacidad (CUD)<\/strong>\u00a0es uno de los documentos que brinda ANSES, y el mismo le permite (a quienes lo poseen) ejercer los derechos y acceder a las prestaciones previstas en las leyes nacionales 22431 y 24901.<\/p>\n\n\n\n<p>Para poder obtener el\u00a0<strong>CUD<\/strong>, el caso de cada persona debe ser evaluado por la Junta Evaluadora interdisciplinaria, y su tramitaci\u00f3n es voluntaria y gratuita.<\/p>\n\n\n\n<p>En las \u00faltimas horas se conoci\u00f3 un dr\u00e1stico cambio en el\u00a0<strong>Certificado \u00danico de Discapacidad<\/strong>, ya que\u00a0<strong>ANSES\u00a0<\/strong>defini\u00f3 en el Bolet\u00edn Oficial un nuevo\u00a0<strong>modelo<\/strong>\u00a0de este certificado.<\/p>\n\n\n\n<p>La aprobaci\u00f3n del nuevo&nbsp;<strong>modelo&nbsp;<\/strong>del&nbsp;<strong>CUD&nbsp;<\/strong>se hizo mediante la publicaci\u00f3n de la Resoluci\u00f3n 1426\/2023 en el Bolet\u00edn Oficial.<\/p>\n\n\n\n<h2 class=\"wp-block-heading\">\u00bfC\u00f3mo tramitar el nuevo modelo del Certificado \u00danico de Discapacidad?<\/h2>\n\n\n\n<p>El primer paso para tramitar el nuevo&nbsp;<strong>modelo&nbsp;<\/strong>del&nbsp;<strong>CUD&nbsp;<\/strong>es reunir la documentaci\u00f3n requerida: certificados m\u00e9dicos, informes, planillas y estudios complementarios. Luego hay que solicitar un turno con la Junta Evaluadora, a quien deber\u00e1s entregar toda la documentaci\u00f3n.<\/p>\n\n\n\n<p>La tramitaci\u00f3n y el otorgamiento del&nbsp;<strong>CUD&nbsp;<\/strong>es complemente&nbsp;<strong>gratis<\/strong>. El formato digital de este certificado se puede consultar en la aplicaci\u00f3n Mi Argentina. El mismo tiene la misma validez que el soporte papel. Por ello es posible presentar cualquiera de las dos versiones.<\/p>\n\n\n\n<p>Cabe se\u00f1alar que el formato digital del documento se puede consultar en la aplicaci\u00f3n Mi Argentina.<\/p>\n\n\n\n<h2 class=\"wp-block-heading\">Beneficios del CUD:<\/h2>\n\n\n\n<ul>\n<li><strong>Salud:<\/strong>&nbsp;cobertura del 100% en las prestaciones de rehabilitaci\u00f3n (medicamentos, equipamiento, tratamientos) que requiera en relaci\u00f3n a lo que fue certificado como discapacidad.<\/li>\n\n\n\n<li><strong>Transporte:<\/strong>&nbsp;traslados gratuitos en el transporte p\u00fablico terrestre.<\/li>\n\n\n\n<li><strong>Asignaciones familiares:<\/strong>&nbsp;ayuda escolar anual por hijo con discapacidad, asignaci\u00f3n familiar por hijo con discapacidad, asignaci\u00f3n por conyugue con discapacidad.<\/li>\n\n\n\n<li><strong>Otros tr\u00e1mites:<\/strong>&nbsp;exenci\u00f3n de pago de peajes, impuestos (municipales, patentes, entre otros). En estos casos la exenci\u00f3n debe solicitarse ante la autoridad de aplicaci\u00f3n de cada normativa.<\/li>\n\n\n\n<li><strong>S\u00edmbolo Internacional de acceso:<\/strong>\u00a0libre estacionamiento, en los lugares permitidos, independientemente del veh\u00edculo en el que te traslades.<\/li>\n<\/ul>\n\n\n\n<p><strong>Fuente: www.diariouno.com.ar<\/strong><\/p>\n","protected":false},"excerpt":{"rendered":"<p>El\u00a0Certificado \u00danico de Discapacidad (CUD)\u00a0es uno de los documentos que brinda ANSES, y el mismo le permite (a quienes lo poseen) ejercer los derechos y acceder a las prestaciones previstas en las leyes nacionales 22431 y 24901. Para poder obtener el\u00a0CUD, el caso de cada persona debe ser evaluado por la Junta Evaluadora interdisciplinaria, y [&hellip;]<\/p>\n","protected":false},"author":2,"featured_media":2030,"comment_status":"open","ping_status":"open","sticky":false,"template":"","format":"standard","meta":[],"categories":[57],"tags":[],"_links":{"self":[{"href":"https:\/\/pasaenmendoza.com\/index.php?rest_route=\/wp\/v2\/posts\/2029"}],"collection":[{"href":"https:\/\/pasaenmendoza.com\/index.php?rest_route=\/wp\/v2\/posts"}],"about":[{"href":"https:\/\/pasaenmendoza.com\/index.php?rest_route=\/wp\/v2\/types\/post"}],"author":[{"embeddable":true,"href":"https:\/\/pasaenmendoza.com\/index.php?rest_route=\/wp\/v2\/users\/2"}],"replies":[{"embeddable":true,"href":"https:\/\/pasaenmendoza.com\/index.php?rest_route=%2Fwp%2Fv2%2Fcomments&post=2029"}],"version-history":[{"count":1,"href":"https:\/\/pasaenmendoza.com\/index.php?rest_route=\/wp\/v2\/posts\/2029\/revisions"}],"predecessor-version":[{"id":2031,"href":"https:\/\/pasaenmendoza.com\/index.php?rest_route=\/wp\/v2\/posts\/2029\/revisions\/2031"}],"wp:featuredmedia":[{"embeddable":true,"href":"https:\/\/pasaenmendoza.com\/index.php?rest_route=\/wp\/v2\/media\/2030"}],"wp:attachment":[{"href":"https:\/\/pasaenmendoza.com\/index.php?rest_route=%2Fwp%2Fv2%2Fmedia&parent=2029"}],"wp:term":[{"taxonomy":"category","embeddable":true,"href":"https:\/\/pasaenmendoza.com\/index.php?rest_route=%2Fwp%2Fv2%2Fcategories&post=2029"},{"taxonomy":"post_tag","embeddable":true,"href":"https:\/\/pasaenmendoza.com\/index.php?rest_route=%2Fwp%2Fv2%2Ftags&post=2029"}],"curies":[{"name":"wp","href":"https:\/\/api.w.org\/{rel}","templated":true}]}}